{"id":11256,"date":"2025-04-08T22:26:11","date_gmt":"2025-04-08T22:26:11","guid":{"rendered":"https:\/\/www.europesays.com\/fr\/11256\/"},"modified":"2025-04-08T22:26:11","modified_gmt":"2025-04-08T22:26:11","slug":"pres-de-lyon-un-jeune-tue-par-balles-devant-une-ecole-letablissement-confine-en-urgence","status":"publish","type":"post","link":"https:\/\/www.europesays.com\/fr\/11256\/","title":{"rendered":"Pr\u00e8s de Lyon. Un jeune tu\u00e9 par balles devant une \u00e9cole, l&rsquo;\u00e9tablissement confin\u00e9 en urgence"},"content":{"rendered":"<p>            Par<br \/>\n        <strong><br \/>\n            <a href=\"https:\/\/actu.fr\/auteur\/julien-damboise\" title=\"Consulter tous les articles de Julien Damboise\" target=\"_blank\" rel=\"noopener\">Julien Damboise<\/a><br \/>\n        <\/strong><\/p>\n<p>        Publi\u00e9 le<\/p>\n<p>            7 avr. 2025 \u00e0 15h46<br \/>\n        ; mis \u00e0 jour le 7 avr. 2025 \u00e0 20h13    <\/p>\n<p><strong>(MISE A JOUR lundi 7 avril 2025 \u00e0 20h11<\/strong> : La victime est un homme \u00e2g\u00e9 de 19 ans connu des services de police, selon les derni\u00e8res informations du parquet de Lyon. Une enqu\u00eate est ouverte et au moins un suspect est activement recherch\u00e9. Les derni\u00e8res informations dans notre <a href=\"https:\/\/actu.fr\/auvergne-rhone-alpes\/vaulx-en-velin_69256\/pres-de-lyon-un-jeune-de-19-ans-violemment-tue-devant-une-ecole-ce-que-l-on-sait_62477871.html\" target=\"_blank\" rel=\"noopener\">article<\/a>)<\/p>\n<p class=\" wall-content\">Un drame a eu lieu ce lundi 7 avril 2025 sur la commune de<a href=\"https:\/\/actu.fr\/auvergne-rhone-alpes\/vaulx-en-velin_69256\" target=\"_blank\" rel=\"noopener\"> Vaulx-en-Velin<\/a>, dans la banlieue de <a href=\"https:\/\/actu.fr\/auvergne-rhone-alpes\/lyon_69123\" target=\"_blank\" rel=\"noopener\">Lyon<\/a>.<\/p>\n<p class=\" wall-content\">Selon une information de <a href=\"https:\/\/www.radioscoop.com\/infos\/vaulx-en-velin-147-eleves-de-l-ecole-angelina-courcelles-confines_325944\" target=\"_blank\" rel=\"noopener\">Radio Scoop<\/a>, confirm\u00e9e par actu Lyon, d\u2019importants moyens de secours ont \u00e9t\u00e9 d\u00e9ploy\u00e9s dans le quartier du Mas du Taureau o\u00f9 une <strong>\u00e9cole a \u00e9t\u00e9 confin\u00e9e<\/strong> en urgence.<\/p>\n<p class=\" wall-content\">Cela fait suite, d\u2019apr\u00e8s une source proche du dossier \u00e0 actu Lyon, \u00e0<strong> des tirs<\/strong> qui ont fait un mort.<\/p>\n<p>    <a href=\"https:\/\/www.google.com\/maps\/embed?pb=!1m18!1m12!1m3!1d2464.717856697484!2d4.912008718924007!3d45.784582918931676!2m3!1f0!2f0!3f0!3m2!1i1024!2i768!4f13.1!3m3!1m2!1s0x47f4c063ee0d559f%3A0x83f52a800252f046!2zw4ljb2xlIMOpbMOpbWVudGFpcmUgQW5nw6lsaW5hIENvdXJjZWxsZXM!5e1!3m2!1sfr!2sfr!4v1744031140453!5m2!1sfr!2sfr\" title=\"Ouvrie le lien\" target=\"_blank\" rel=\"noopener\">Cliquez ici pour visualiser le contenu<\/a><\/p>\n<p>L\u2019homme, un jeune homme, ex\u00e9cut\u00e9 en plein jour<\/p>\n<p class=\" wall-content\">Dans des circonstances qui restent \u00e0 \u00e9tablir, une personne a \u00e9t\u00e9 <strong>abattue<\/strong> vers 13 h par des tirs dans ce secteur connu pour \u00eatre une <a href=\"https:\/\/actu.fr\/auvergne-rhone-alpes\/vaulx-en-velin_69256\/incendie-de-vaulx-en-velin-gerald-darmanin-confirme-un-trafic-de-drogue-dans-l-immeuble_55990565.html\" target=\"_blank\" rel=\"noopener\">plaque tournante<\/a> des stup\u00e9fiants dans la r\u00e9gion.<\/p>\n<p class=\" wall-content\">La victime serait un mineur selon les premi\u00e8res remont\u00e9es d\u2019informations.<\/p>\n<p class=\" wall-content\">Des faits qui ont provoqu\u00e9 <strong>des troubles<\/strong> dans le secteur.<\/p>\n<p>Une \u00e9cole confin\u00e9e<\/p>\n<p class=\" wall-content\">Par mesure de s\u00e9curit\u00e9, l\u2019\u00e9cole primaire Ang\u00e9lina-Courcelles, install\u00e9e rue des Fr\u00e8res Bertrand, a \u00e9t\u00e9 <strong>confin\u00e9e<\/strong> un moment.<\/p>\n<p class=\" wall-content\">Une mesure qui a \u00e9t\u00e9 lev\u00e9e depuis.<\/p>\n<p>      <img   decoding=\"async\" loading=\"lazy\" src=\"https:\/\/www.europesays.com\/fr\/wp-content\/uploads\/2025\/04\/ecole-vaulx-en-velin-meurtre-lyon-960x640.jpeg\" alt=\"L'\u00e9cole primaire Ang\u00e9lina Courcelles de Vaulx-en-Velin a \u00e9t\u00e9 confin\u00e9e d'urgence apr\u00e8s des tirs qui ont touch\u00e9 mortellement un homme.\" width=\"960\" height=\"640\"\/><br \/>\n    L\u2019\u00e9cole primaire Ang\u00e9lina Courcelles de Vaulx-en-Velin a \u00e9t\u00e9 confin\u00e9e d\u2019urgence apr\u00e8s des tirs qui ont touch\u00e9 mortellement un homme. (\u00a9Medav Pro\/ actu Lyon)Forte pr\u00e9sence sur place<\/p>\n<p class=\" wall-content\">Une <strong>enqu\u00eate<\/strong> a \u00e9t\u00e9 imm\u00e9diatement ouverte pour tenter de retrouver le ou les mis en cause qui ont pris la fuite.<\/p>\n<p class=\" wall-content\">D\u2019importants moyens ont \u00e9t\u00e9 d\u00e9p\u00each\u00e9s sur place, notamment de la pr\u00e9fecture du Rh\u00f4ne et de la mairie. Une forte pr\u00e9sence polici\u00e8re est promise dans les prochains jours.<\/p>\n<p class=\" wall-content\">Suivez toute l\u2019actualit\u00e9 de vos villes et m\u00e9dias favoris en vous inscrivant \u00e0 <a href=\"https:\/\/moncompte.actu.fr\" title=\"D\u00e9couvez Mon Actu\" rel=\"nofollow noopener\" data-trk=\"{&quot;cta&quot;:{&quot;action&quot;:&quot;https:\\\/\\\/moncompte.actu.fr&quot;,&quot;category&quot;:&quot;mon compte&quot;,&quot;from&quot;:&quot;article footer&quot;,&quot;name&quot;:&quot;Mon actu&quot;,&quot;type&quot;:&quot;cta&quot;}}\" target=\"_blank\">Mon Actu<\/a>.<\/p>\n","protected":false},"excerpt":{"rendered":"Par Julien Damboise Publi\u00e9 le 7 avr. 2025 \u00e0 15h46 ; mis \u00e0 jour le 7 avr. 2025&hellip;\n","protected":false},"author":2,"featured_media":11257,"comment_status":"","ping_status":"","sticky":false,"template":"","format":"standard","meta":{"footnotes":""},"categories":[2],"tags":[11,118,1011,27,2825,12,1072],"class_list":{"0":"post-11256","1":"post","2":"type-post","3":"status-publish","4":"format-standard","5":"has-post-thumbnail","7":"category-actualites","8":"tag-actualites","9":"tag-faits-divers","10":"tag-fr","11":"tag-france","12":"tag-insecurite","13":"tag-news","14":"tag-police"},"share_on_mastodon":{"url":"https:\/\/pubeurope.com\/@fr\/114304698592268460","error":""},"_links":{"self":[{"href":"https:\/\/www.europesays.com\/fr\/wp-json\/wp\/v2\/posts\/11256","targetHints":{"allow":["GET"]}}],"collection":[{"href":"https:\/\/www.europesays.com\/fr\/wp-json\/wp\/v2\/posts"}],"about":[{"href":"https:\/\/www.europesays.com\/fr\/wp-json\/wp\/v2\/types\/post"}],"author":[{"embeddable":true,"href":"https:\/\/www.europesays.com\/fr\/wp-json\/wp\/v2\/users\/2"}],"replies":[{"embeddable":true,"href":"https:\/\/www.europesays.com\/fr\/wp-json\/wp\/v2\/comments?post=11256"}],"version-history":[{"count":0,"href":"https:\/\/www.europesays.com\/fr\/wp-json\/wp\/v2\/posts\/11256\/revisions"}],"wp:featuredmedia":[{"embeddable":true,"href":"https:\/\/www.europesays.com\/fr\/wp-json\/wp\/v2\/media\/11257"}],"wp:attachment":[{"href":"https:\/\/www.europesays.com\/fr\/wp-json\/wp\/v2\/media?parent=11256"}],"wp:term":[{"taxonomy":"category","embeddable":true,"href":"https:\/\/www.europesays.com\/fr\/wp-json\/wp\/v2\/categories?post=11256"},{"taxonomy":"post_tag","embeddable":true,"href":"https:\/\/www.europesays.com\/fr\/wp-json\/wp\/v2\/tags?post=11256"}],"curies":[{"name":"wp","href":"https:\/\/api.w.org\/{rel}","templated":true}]}}