{"id":1125637,"date":"2026-08-14T04:02:27","date_gmt":"2026-08-14T04:02:27","guid":{"rendered":"https:\/\/www.europesays.com\/fr\/1125637\/"},"modified":"2026-08-14T04:02:27","modified_gmt":"2026-08-14T04:02:27","slug":"pensions-de-retraite-apl-les-pistes-du-gouvernement-pour-faire-des-economies-dans-le-budget","status":"publish","type":"post","link":"https:\/\/www.europesays.com\/fr\/1125637\/","title":{"rendered":"Pensions de retraite, APL&#8230; Les pistes du gouvernement pour faire des \u00e9conomies dans le budget"},"content":{"rendered":"<p class=\"article-p mdl\">La rentr\u00e9e sera-t-elle explosive ?\u00a0<a class=\"link\" href=\"https:\/\/www.igf.finances.gouv.fr\/igf\/accueil\/nos-activites-1\/rapports-de-mission\/revue-de-depenses-relative-a-lef.html\" rel=\"nofollow noopener\" target=\"_blank\">Discr\u00e8tement publi\u00e9e fin juillet<\/a>, la note de l&rsquo;inspection g\u00e9n\u00e9rale des finances et des affaires sociales mentionne 3 milliards d&rsquo;euros d&rsquo;\u00e9conomies potentielles sur les\u00a0<a class=\"link\" href=\"https:\/\/www.rtl.fr\/actu\/politique\/budget-2026-jours-feries-niches-fiscales-et-prestations-sociales-ce-qu-il-faut-retenir-des-annonces-de-bayrou-7900523806\" title=\"Budget 2026 : jours f\u00e9ri\u00e9s, niches fiscales et prestations sociales... Ce qu&#039;il faut retenir des annonces de Bayrou\" rel=\"nofollow noopener\" target=\"_blank\">prestations sociales<\/a>. Ce rapport aux mesures chocs a \u00e9t\u00e9 command\u00e9 par le Premier ministre. \u00c0 la cl\u00e9, plus de 4 milliards d&rsquo;euros d&rsquo;\u00e9conomies sur 10 ans, soit environ 3% du co\u00fbt annuel des politiques familiales.\u00a0<\/p>\n<p class=\"article-p mdl\">Dans le viseur : allocations, imp\u00f4ts, aides au logement et surtout les pensions de retraite des parents de familles nombreuses. Aujourd&rsquo;hui, les parents d&rsquo;au moins trois enfants b\u00e9n\u00e9ficient d&rsquo;un bonus de 10% sur leur retraite, ce rapport propose de le remplacer par un forfait de 125 euros mensuels. C&rsquo;est la mesure la plus rentable de tout le document avec plus d&rsquo;un milliard d&rsquo;euros d&rsquo;\u00e9conomie.\u00a0<\/p>\n<p>            Le budget pr\u00e9sent\u00e9 le 30 septembre<\/p>\n<p class=\"article-p mdl\">Autre piste : tenir compte des revenus des parents pour calculer les\u00a0<a class=\"link\" href=\"https:\/\/www.rtl.fr\/actu\/politique\/les-etudiants-etrangers-non-boursiers-bientot-prives-d-apl-le-conseil-constitutionnel-valide-cette-mesure-du-budget-2026-au-nom-de-l-interet-general-7900603527\" title=\"Les \u00e9tudiants \u00e9trangers non-boursiers bient\u00f4t priv\u00e9s d&#039;APL ? Le Conseil constitutionnel valide cette mesure du budget 2026 au nom de &quot;l&#039;int\u00e9r\u00eat g\u00e9n\u00e9ral&quot;\" rel=\"nofollow noopener\" target=\"_blank\">aides au logement des \u00e9tudiants<\/a>, ce qui n&rsquo;est pas le cas aujourd&rsquo;hui. L&rsquo;\u00e9conomie estim\u00e9e est de 500 millions d&rsquo;euros. Aujourd&rsquo;hui, un \u00e9tudiant rattach\u00e9 \u00e0 ses parents augmente le nombre de parts fiscales du foyer, ce qui diminue les imp\u00f4ts des parents. Une r\u00e9duction cumulable avec les APL touch\u00e9es par leurs enfants.\u00a0<\/p>\n<p class=\"article-p mdl\">Pour Manon Moret, secr\u00e9taire g\u00e9n\u00e9rale du syndicat \u00e9tudiant l&rsquo;UNEF, l&rsquo;\u00c9tat doit s&rsquo;attaquer au portefeuille des parents plut\u00f4t qu&rsquo;\u00e0 celui des jeunes. \u00ab\u00a0Ce serait v\u00e9ritablement catastrophique pour \u00e9norm\u00e9ment d&rsquo;\u00e9tudiants. Beaucoup d&rsquo;\u00e9tudiants ne vivent pas avec la carte bleue de leurs parents, la plupart d&rsquo;ailleurs. La solution, si l&rsquo;\u00c9tat veut faire des \u00e9conomies, c&rsquo;est de modifier cette demi-part fiscale\u00a0\u00bb, assure-t-elle \u00e0 RTL.\u00a0<\/p>\n<p>        \u00c0 \u00e9couter<\/p>\n<p class=\"col-12 col-md-11\">\n<p>                                Canicule, incendie : les ministres ne doivent pas partir trop loin pour leurs vacances\n                        <\/p>\n<p class=\"article-p mdl\">Cette mesure concernerait un quart des \u00e9tudiants b\u00e9n\u00e9ficiaires des APL. Selon la secr\u00e9taire g\u00e9n\u00e9rale de l&rsquo;Union des \u00e9tudiants, Elo\u00efse Lefebvre-Milon, le risque est que des jeunes renoncent aux \u00e9tudes : \u00ab\u00a0C&rsquo;est aussi l&rsquo;objectif politique, \u00e0 notre sens du gouvernement, de trier, de s\u00e9lectionner, de discriminer l&rsquo;entr\u00e9e \u00e0 l&rsquo;universit\u00e9 entre ceux et celles qui peuvent se permettre d&rsquo;aller faire des \u00e9tudes et ceux et celles qui ne peuvent pas se le faire.\u00a0\u00bb .<\/p>\n<p class=\"article-p mdl\">Une fois leur loyer pay\u00e9, un quart des \u00e9tudiants d\u00e9clarent vivre avec moins de 100 euros par mois, selon une r\u00e9cente enqu\u00eate. Ces syndicats \u00e9tudiants appellent donc \u00e0 la mobilisation le 15 septembre.<\/p>\n<p class=\"article-p mdl\">Mais ces propositions seront-elles vraiment retenues dans le prochain budget ? Interrog\u00e9 par RTL, Bercy explique que \u00ab\u00a0tous les rapports sont utiles pour nourrir les discussions\u00a0\u00bb. Rendez-vous le 30 septembre, quand le projet de budget du gouvernement doit \u00eatre d\u00e9voil\u00e9 en Conseil des ministres.<\/p>\n<p>    La r\u00e9daction vous recommande<\/p>\n<p class=\"s-newsletter__title\">\n                L\u2019actualit\u00e9 par la r\u00e9daction de RTL dans votre bo\u00eete mail.\n            <\/p>\n<p class=\"s-newsletter__subtitle\">\n                Gr\u00e2ce \u00e0 votre compte RTL abonnez-vous \u00e0 la newsletter RTL info pour suivre toute l&rsquo;actualit\u00e9 au quotidien\n            <\/p>\n<p>\n                                    Lire la suite\n                                <\/p>\n<p class=\"article-google-preferred__title\">Ne laissez pas Google d\u00e9cider de vos sources.<\/p>\n<p>    <a href=\"https:\/\/www.google.com\/preferences\/source?q=https:\/\/www.rtl.fr\" target=\"_blank\" rel=\"noopener noreferrer nofollow\" class=\"article-google-preferred__btn at-class\" data-at-event=\"action\" data-at-category=\"actualite\" data-at-chapter1=\"pied_article\" data-at-chapter2=\"actu_politique\" data-at-click=\"favori_google\">Ajouter RTL comme source pr\u00e9f\u00e9r\u00e9e<\/a><\/p>\n","protected":false},"excerpt":{"rendered":"La rentr\u00e9e sera-t-elle explosive ?\u00a0Discr\u00e8tement publi\u00e9e fin juillet, la note de l&rsquo;inspection g\u00e9n\u00e9rale des finances et des affaires&hellip;\n","protected":false},"author":2,"featured_media":1125638,"comment_status":"","ping_status":"","sticky":false,"template":"","format":"standard","meta":{"footnotes":"","_share_on_mastodon":"0"},"categories":[2],"tags":[11,1003,33,107,1011,27,12,316,25],"class_list":["post-1125637","post","type-post","status-publish","format-standard","has-post-thumbnail","category-actualites","tag-actualites","tag-budget","tag-economie","tag-fil-info","tag-fr","tag-france","tag-news","tag-politique","tag-republique-francaise"],"share_on_mastodon":{"url":"https:\/\/pubeurope.com\/@fr\/117091876751660625","error":""},"_links":{"self":[{"href":"https:\/\/www.europesays.com\/fr\/wp-json\/wp\/v2\/posts\/1125637","targetHints":{"allow":["GET"]}}],"collection":[{"href":"https:\/\/www.europesays.com\/fr\/wp-json\/wp\/v2\/posts"}],"about":[{"href":"https:\/\/www.europesays.com\/fr\/wp-json\/wp\/v2\/types\/post"}],"author":[{"embeddable":true,"href":"https:\/\/www.europesays.com\/fr\/wp-json\/wp\/v2\/users\/2"}],"replies":[{"embeddable":true,"href":"https:\/\/www.europesays.com\/fr\/wp-json\/wp\/v2\/comments?post=1125637"}],"version-history":[{"count":0,"href":"https:\/\/www.europesays.com\/fr\/wp-json\/wp\/v2\/posts\/1125637\/revisions"}],"wp:featuredmedia":[{"embeddable":true,"href":"https:\/\/www.europesays.com\/fr\/wp-json\/wp\/v2\/media\/1125638"}],"wp:attachment":[{"href":"https:\/\/www.europesays.com\/fr\/wp-json\/wp\/v2\/media?parent=1125637"}],"wp:term":[{"taxonomy":"category","embeddable":true,"href":"https:\/\/www.europesays.com\/fr\/wp-json\/wp\/v2\/categories?post=1125637"},{"taxonomy":"post_tag","embeddable":true,"href":"https:\/\/www.europesays.com\/fr\/wp-json\/wp\/v2\/tags?post=1125637"}],"curies":[{"name":"wp","href":"https:\/\/api.w.org\/{rel}","templated":true}]}}