{"id":1125660,"date":"2026-08-14T04:23:23","date_gmt":"2026-08-14T04:23:23","guid":{"rendered":"https:\/\/www.europesays.com\/fr\/1125660\/"},"modified":"2026-08-14T04:23:23","modified_gmt":"2026-08-14T04:23:23","slug":"laurent-ruquier-pas-grand-fan-de-catherine-jacob-pourquoi-il-naime-pas-la-recevoir-dans-ses-emissions","status":"publish","type":"post","link":"https:\/\/www.europesays.com\/fr\/1125660\/","title":{"rendered":"Laurent Ruquier \u00ab\u00a0pas grand fan de Catherine Jacob\u00a0\u00bb : Pourquoi il n&rsquo;aime pas la recevoir dans ses \u00e9missions"},"content":{"rendered":"<p>Laurent Ruquier est le premier invit\u00e9 du Niclo Show, l&rsquo;\u00e9mission de Vincent Niclo sur YouTube ce jeudi 13 ao\u00fbt. Interrog\u00e9 par le chanteur avec qui il va partager la sc\u00e8ne \u00e0 la rentr\u00e9e \u00e0 la Com\u00e9die des Champs-Elys\u00e9es, l&rsquo;animateur s&rsquo;est confi\u00e9 sur les personnalit\u00e9s qu&rsquo;il redoute particuli\u00e8rement de recevoir \u00e0 la t\u00e9l\u00e9vision. <\/p>\n<p><a href=\"https:\/\/www.programme-tv.net\/news\/loisirs\/403667-vincent-niclo-devoile-son-nouveau-projet-surprenant-avec-laurent-ruquier-ma-nouvelle-aventure\/\" data-api-deeplink=\"teleloisirs:\/\/news\/403667\" rel=\"nofollow noopener\" target=\"_blank\">Vincent Niclo va faire ses premiers pas sur sc\u00e8ne \u00e0 la rentr\u00e9e dans Chante et tais-toi \u00e0 la Com\u00e9die des Champs-\u00c9lys\u00e9es<\/a>. Il partagera l&rsquo;affiche avec Laurent Ruquier dans cette com\u00e9die que l&rsquo;animateur a sign\u00e9e. Juste retour des choses, l&rsquo;ex d&rsquo;Hugo Manos \u00e9tait l&rsquo;invit\u00e9 du premier \u00e9pisode du Niclo Show, la nouvelle \u00e9mission du T\u00e9nor sur YouTube.<\/p>\n<p>Vincent Niclo a demand\u00e9 \u00e0 Laurent Ruquier s&rsquo;il y avait une personnalit\u00e9 qu&rsquo;il n&rsquo;irait jamais saluer en loge \u00e0 l&rsquo;issue d&rsquo;un spectacle. \u00ab\u00a0J&rsquo;en veux au moins 3\u00a0\u00bb, a-t-il lanc\u00e9. Mais Laurent Ruquier a bott\u00e9 en touche. \u00ab\u00a0Je ne suis pas tr\u00e8s rancunier, j&rsquo;arrive \u00e0 me r\u00e9concilier assez facilement avec les artistes\u00a0\u00bb, a-t-il r\u00e9pondu.<\/p>\n<p>Le chanteur a donc chang\u00e9 son fusil d&rsquo;\u00e9paule demandant \u00e0 son invit\u00e9 de lui donner le nom de celles qui l&rsquo;avaient le plus irrit\u00e9 en plateau. Il a alors song\u00e9 aux invit\u00e9s qui ne sont pas \u00ab\u00a0tr\u00e8s bon clients\u00a0\u00bb. \u00ab\u00a0<a href=\"https:\/\/www.programme-tv.net\/biographie\/5697-meril-macha\/\" data-link-people=\"7be010e6-1544-4598-a6d4-2d52041acea5\" rel=\"nofollow noopener\" target=\"_blank\">Macha M\u00e9ril<\/a>\u00ab\u00a0, a-t-il fini par l\u00e2cher. A la demande de son h\u00f4te, Laurent Ruquier a cit\u00e9 une autre com\u00e9dienne. \u00ab\u00a0Je ne suis pas fan de Catherine Jacob non plus\u00a0\u00bb, a-t-il ajout\u00e9.<\/p>\n<p>                        Laurent Ruquier a arr\u00eat\u00e9 son \u00e9mission hebdomadaire sur T18<\/p>\n<p>Apr\u00e8s une saison \u00e0 l&rsquo;animation de Chez Ruquier sur T18, <a href=\"https:\/\/www.programme-tv.net\/news\/tv\/401280-exclu-laurent-ruquier-en-passe-de-quitter-t18-et-d-arreter-la-television\/\" data-api-deeplink=\"teleloisirs:\/\/news\/401280\" rel=\"nofollow noopener\" target=\"_blank\">l&rsquo;animateur avait annonc\u00e9 qu&rsquo;il raccrochait les gants<\/a>. Il faut dire que l&rsquo;homme de t\u00e9l\u00e9vision a pris la direction de la Com\u00e9die et du Studio des Champs-\u00c9lys\u00e9es et qu&rsquo;il s&rsquo;appr\u00eate donc \u00e0 monter sur les planches. Dans le podcast T\u00eate d&rsquo;affiche, il s&rsquo;\u00e9tait m\u00eame montr\u00e9 radical sur son avenir sur le petit \u00e9cran.<\/p>\n<p>\u00ab\u00a0Je vais, je pense, me consacrer uniquement au th\u00e9\u00e2tre et \u00e0 la radio et ne plus faire de t\u00e9l\u00e9. (&#8230;) J&rsquo;en ai marre qu&rsquo;on me voie \u00e0 la t\u00e9l\u00e9, en fait j&rsquo;en ai marre de me voir \u00e0 la t\u00e9l\u00e9\u00a0\u00bb, avait-il confi\u00e9.<\/p>\n<p>Quel avenir pour Laurent Ruquier \u00e0 la t\u00e9l\u00e9vision ?<\/p>\n<p><a href=\"https:\/\/www.programme-tv.net\/news\/tv\/403621-laurent-ruquier-fait-une-mise-au-point-sur-son-avenir-a-la-tele-et-sur-un-eventuel-retour-dans-mask-singer-si-on-m-appelle-je-vois-ce-qu-on-me-propose\/\" data-api-deeplink=\"teleloisirs:\/\/news\/403621\" rel=\"nofollow noopener\" target=\"_blank\">Une prise de position qu&rsquo;il avait cependant nuanc\u00e9e dans C \u00e0 vous<\/a>. Il avait soulign\u00e9 ainsi qu&rsquo;il pourrait \u00eatre encore pr\u00e9sent sur la toute jeune cha\u00eene de la TNT. \u00ab\u00a0Il est question qu&rsquo;\u00e0 T18, je garde un pied pour faire des \u00e9missions ponctuelles\u00a0\u00bb, avait-il r\u00e9v\u00e9l\u00e9.<\/p>\n<p>Il n&rsquo;excluait pas non plus un retour \u00e0 l&rsquo;avenir dans le jury de Mask Singer. Il sera en revanche absent de la prochaine saison du programme de TF1, car il commence sa pi\u00e8ce en septembre, \u00e9poque des prochains enregistrements.<\/p><\/p>\n","protected":false},"excerpt":{"rendered":"Laurent Ruquier est le premier invit\u00e9 du Niclo Show, l&rsquo;\u00e9mission de Vincent Niclo sur YouTube ce jeudi 13&hellip;\n","protected":false},"author":2,"featured_media":1125661,"comment_status":"","ping_status":"","sticky":false,"template":"","format":"standard","meta":{"footnotes":"","_share_on_mastodon":"0"},"categories":[8],"tags":[69792,244,58,59,1011,27,1759,48859,64342],"class_list":["post-1125660","post","type-post","status-publish","format-standard","has-post-thumbnail","category-divertissement","tag-catherine-jacob","tag-commentaire","tag-divertissement","tag-entertainment","tag-fr","tag-france","tag-laurent-ruquier","tag-u00e9mission","tag-vincent-niclo"],"share_on_mastodon":{"url":"https:\/\/pubeurope.com\/@fr\/117091959022873799","error":""},"_links":{"self":[{"href":"https:\/\/www.europesays.com\/fr\/wp-json\/wp\/v2\/posts\/1125660","targetHints":{"allow":["GET"]}}],"collection":[{"href":"https:\/\/www.europesays.com\/fr\/wp-json\/wp\/v2\/posts"}],"about":[{"href":"https:\/\/www.europesays.com\/fr\/wp-json\/wp\/v2\/types\/post"}],"author":[{"embeddable":true,"href":"https:\/\/www.europesays.com\/fr\/wp-json\/wp\/v2\/users\/2"}],"replies":[{"embeddable":true,"href":"https:\/\/www.europesays.com\/fr\/wp-json\/wp\/v2\/comments?post=1125660"}],"version-history":[{"count":0,"href":"https:\/\/www.europesays.com\/fr\/wp-json\/wp\/v2\/posts\/1125660\/revisions"}],"wp:featuredmedia":[{"embeddable":true,"href":"https:\/\/www.europesays.com\/fr\/wp-json\/wp\/v2\/media\/1125661"}],"wp:attachment":[{"href":"https:\/\/www.europesays.com\/fr\/wp-json\/wp\/v2\/media?parent=1125660"}],"wp:term":[{"taxonomy":"category","embeddable":true,"href":"https:\/\/www.europesays.com\/fr\/wp-json\/wp\/v2\/categories?post=1125660"},{"taxonomy":"post_tag","embeddable":true,"href":"https:\/\/www.europesays.com\/fr\/wp-json\/wp\/v2\/tags?post=1125660"}],"curies":[{"name":"wp","href":"https:\/\/api.w.org\/{rel}","templated":true}]}}