{"id":112568,"date":"2025-05-19T19:58:09","date_gmt":"2025-05-19T19:58:09","guid":{"rendered":"https:\/\/www.europesays.com\/fr\/112568\/"},"modified":"2025-05-19T19:58:09","modified_gmt":"2025-05-19T19:58:09","slug":"45-ans-apres-sa-sortie-la-soupe-aux-choux-va-avoir-droit-a-une-suite","status":"publish","type":"post","link":"https:\/\/www.europesays.com\/fr\/112568\/","title":{"rendered":"45 ans apr\u00e8s sa sortie, \u00ab\u00a0La soupe aux choux\u00a0\u00bb va avoir droit \u00e0 une suite"},"content":{"rendered":"<p class=\"ap-StoryElement ap-StoryElement--mb ap-StoryText\">Cela fait maintenant plus de 40 ans que \u00ab\u00a0La soupe aux choux\u00a0\u00bb revient r\u00e9guli\u00e8rement sur nos petits \u00e9crans. Cette com\u00e9die fran\u00e7aise d\u00e9sormais culte aura droit \u00e0 une suite. C&rsquo;est ce que nous apprennent nos confr\u00e8res du m\u00e9dia \u00ab\u00a0<a href=\"https:\/\/www.lefilmfrancais.com\/cinema\/171748\/une-suite-en-projet-pour-la-soupe-aux-choux\" target=\"_blank\" rel=\"noopener\">Le film fran\u00e7ais\u00a0\u00bb.<\/a> Le producteur S\u00e9bastien Fechner a, en effet, annonc\u00e9 vouloir d\u00e9velopper une suite \u00e0 cette \u0153uvre r\u00e9alis\u00e9e par Jean Girault en 1981 en expliquant vouloir \u00ab\u00a0s&rsquo;attaquer, avec une tr\u00e8s lourde responsabilit\u00e9, \u00e0 un monument du cin\u00e9ma fran\u00e7ais et de la com\u00e9die, La soupe aux choux, dont nous d\u00e9veloppons une suite.\u00a0\u00bb<\/p>\n","protected":false},"excerpt":{"rendered":"Cela fait maintenant plus de 40 ans que \u00ab\u00a0La soupe aux choux\u00a0\u00bb revient r\u00e9guli\u00e8rement sur nos petits \u00e9crans.&hellip;\n","protected":false},"author":2,"featured_media":112569,"comment_status":"","ping_status":"","sticky":false,"template":"","format":"standard","meta":{"footnotes":""},"categories":[1354],"tags":[930,23210,1805,58,59,12219,23211,2081,1346,1011,27,23212,19911,151,17260,21984,1360,23213,23214,23215,3989],"class_list":{"0":"post-112568","1":"post","2":"type-post","3":"status-publish","4":"format-standard","5":"has-post-thumbnail","7":"category-films","8":"tag-le","9":"tag-23210","10":"tag-de","11":"tag-divertissement","12":"tag-entertainment","13":"tag-et","14":"tag-extra","15":"tag-film","16":"tag-films","17":"tag-fr","18":"tag-france","19":"tag-funes","20":"tag-gendarme","21":"tag-les","22":"tag-louis","23":"tag-movie","24":"tag-movies","25":"tag-still","26":"tag-stills","27":"tag-terrestres","28":"tag-the"},"share_on_mastodon":{"url":"https:\/\/pubeurope.com\/@fr\/114536271255622615","error":""},"_links":{"self":[{"href":"https:\/\/www.europesays.com\/fr\/wp-json\/wp\/v2\/posts\/112568","targetHints":{"allow":["GET"]}}],"collection":[{"href":"https:\/\/www.europesays.com\/fr\/wp-json\/wp\/v2\/posts"}],"about":[{"href":"https:\/\/www.europesays.com\/fr\/wp-json\/wp\/v2\/types\/post"}],"author":[{"embeddable":true,"href":"https:\/\/www.europesays.com\/fr\/wp-json\/wp\/v2\/users\/2"}],"replies":[{"embeddable":true,"href":"https:\/\/www.europesays.com\/fr\/wp-json\/wp\/v2\/comments?post=112568"}],"version-history":[{"count":0,"href":"https:\/\/www.europesays.com\/fr\/wp-json\/wp\/v2\/posts\/112568\/revisions"}],"wp:featuredmedia":[{"embeddable":true,"href":"https:\/\/www.europesays.com\/fr\/wp-json\/wp\/v2\/media\/112569"}],"wp:attachment":[{"href":"https:\/\/www.europesays.com\/fr\/wp-json\/wp\/v2\/media?parent=112568"}],"wp:term":[{"taxonomy":"category","embeddable":true,"href":"https:\/\/www.europesays.com\/fr\/wp-json\/wp\/v2\/categories?post=112568"},{"taxonomy":"post_tag","embeddable":true,"href":"https:\/\/www.europesays.com\/fr\/wp-json\/wp\/v2\/tags?post=112568"}],"curies":[{"name":"wp","href":"https:\/\/api.w.org\/{rel}","templated":true}]}}