{"id":112570,"date":"2025-05-19T19:59:13","date_gmt":"2025-05-19T19:59:13","guid":{"rendered":"https:\/\/www.europesays.com\/fr\/112570\/"},"modified":"2025-05-19T19:59:13","modified_gmt":"2025-05-19T19:59:13","slug":"ces-signes-dans-la-bouche-pourraient-cacher-un-cancer-de-lestomac","status":"publish","type":"post","link":"https:\/\/www.europesays.com\/fr\/112570\/","title":{"rendered":"Ces signes dans la bouche pourraient cacher un cancer de l\u2019estomac"},"content":{"rendered":"<p>Rep\u00e9rages mode, astuces beaut\u00e9, conseils<br \/>\npsycho et sexo, bons plans famille, recettes faciles, id\u00e9es d\u00e9co&#8230;<br \/>\nLe magazine Vie Pratique F\u00e9minin et le site viepratique.fr<br \/>\ns&rsquo;adressent \u00e0 toutes les femmes qui veulent se simplifier la vie.<br \/>\nUn concentr\u00e9 d&rsquo;infos utiles et dans l&rsquo;air du temps mais aussi des<br \/>\nconfidences et des avis d&rsquo;experts. Vie Pratique F\u00e9minin et<br \/>\nviepratique.fr vous parlent de tout sans tabou !<\/p>\n","protected":false},"excerpt":{"rendered":"Rep\u00e9rages mode, astuces beaut\u00e9, conseils psycho et sexo, bons plans famille, recettes faciles, id\u00e9es d\u00e9co&#8230; Le magazine Vie&hellip;\n","protected":false},"author":2,"featured_media":112571,"comment_status":"","ping_status":"","sticky":false,"template":"","format":"standard","meta":{"footnotes":""},"categories":[10],"tags":[1011,27,1638,72,71],"class_list":{"0":"post-112570","1":"post","2":"type-post","3":"status-publish","4":"format-standard","5":"has-post-thumbnail","7":"category-sante","8":"tag-fr","9":"tag-france","10":"tag-has_diapo","11":"tag-health","12":"tag-sante"},"share_on_mastodon":{"url":"https:\/\/pubeurope.com\/@fr\/114536275180955278","error":""},"_links":{"self":[{"href":"https:\/\/www.europesays.com\/fr\/wp-json\/wp\/v2\/posts\/112570","targetHints":{"allow":["GET"]}}],"collection":[{"href":"https:\/\/www.europesays.com\/fr\/wp-json\/wp\/v2\/posts"}],"about":[{"href":"https:\/\/www.europesays.com\/fr\/wp-json\/wp\/v2\/types\/post"}],"author":[{"embeddable":true,"href":"https:\/\/www.europesays.com\/fr\/wp-json\/wp\/v2\/users\/2"}],"replies":[{"embeddable":true,"href":"https:\/\/www.europesays.com\/fr\/wp-json\/wp\/v2\/comments?post=112570"}],"version-history":[{"count":0,"href":"https:\/\/www.europesays.com\/fr\/wp-json\/wp\/v2\/posts\/112570\/revisions"}],"wp:featuredmedia":[{"embeddable":true,"href":"https:\/\/www.europesays.com\/fr\/wp-json\/wp\/v2\/media\/112571"}],"wp:attachment":[{"href":"https:\/\/www.europesays.com\/fr\/wp-json\/wp\/v2\/media?parent=112570"}],"wp:term":[{"taxonomy":"category","embeddable":true,"href":"https:\/\/www.europesays.com\/fr\/wp-json\/wp\/v2\/categories?post=112570"},{"taxonomy":"post_tag","embeddable":true,"href":"https:\/\/www.europesays.com\/fr\/wp-json\/wp\/v2\/tags?post=112570"}],"curies":[{"name":"wp","href":"https:\/\/api.w.org\/{rel}","templated":true}]}}