{"id":1125751,"date":"2026-08-14T05:38:28","date_gmt":"2026-08-14T05:38:28","guid":{"rendered":"https:\/\/www.europesays.com\/fr\/1125751\/"},"modified":"2026-08-14T05:38:28","modified_gmt":"2026-08-14T05:38:28","slug":"audrey-fleurot-mere-qui-culpabilise-elle-a-instaure-un-rituel-chaque-annee-avec-son-fils","status":"publish","type":"post","link":"https:\/\/www.europesays.com\/fr\/1125751\/","title":{"rendered":"Audrey Fleurot, m\u00e8re qui culpabilise\u00a0: elle a instaur\u00e9 un rituel \u00ab\u00a0chaque ann\u00e9e\u00a0\u00bb avec son fils"},"content":{"rendered":"<p>\n                            Depuis quelques ann\u00e9es, Audrey Fleurot encha\u00eene les tournages et, d\u00e8s qu&rsquo;elle a un peu de temps libre, elle aimerait en profiter. Sauf qu&rsquo;elle doit aussi tenir un autre r\u00f4le en priv\u00e9\u00a0: celui de m\u00e8re de famille.<\/p>\n<p>Lib\u00e9r\u00e9e des tournages de HPI, la populaire <a href=\"https:\/\/www.journaldesfemmes.fr\/people\/personnalites\/2814131-audrey-fleurot-hpi-fils-age-cheveux\/\" title=\"Audrey Fleurot\" rel=\"nofollow noopener\" target=\"_blank\">Audrey Fleurot<\/a> ne se repose pas sur ses lauriers. La preuve, la com\u00e9dienne est attendue dans deux nouvelles s\u00e9ries sur TF1 :\u00a0La Comtesse de Monte-Cristo (co-r\u00e9alis\u00e9e par <a href=\"https:\/\/www.journaldesfemmes.fr\/people\/evenements\/3231176-audrey-fleurot-fait-une-rare-sortie-avec-son-compagnon-au-milieu-des-vip-photos-des-stars-a-la-soiree-du-peninsula\/3231182-djibril-glissant-et-audrey-fleurot\" rel=\"nofollow noopener\" target=\"_blank\">son compagnon\u00a0Djibril Glissant<\/a>)\u00a0et\u00a0Chercheurs d&rsquo;or (o\u00f9 elle donnera la r\u00e9plique \u00e0 Guillaume Labb\u00e9). De quoi lui laisser peu de temps pour elle et pour son fils unique.<\/p>\n<p>Audrey Fleurot maman qui culpabilise : \u00ab\u00a0Je vois mon fils qui glande et&#8230;\u00a0\u00bb<\/p>\n<p>Interrog\u00e9e en vid\u00e9o par le m\u00e9dia\u00a0Lou, qui a d\u00e9voil\u00e9 plusieurs s\u00e9quences sur TikTok, Audrey Fleurot a notamment \u00e9voqu\u00e9 le sentiment de culpabilit\u00e9 que l&rsquo;on peut ressentir quand on est maman. L&rsquo;actrice, r\u00e9cemment vue au cin\u00e9ma dans le film\u00a0Les Parfait(s)\u00a0: Arnaques en famille, est <a href=\"https:\/\/www.journaldesfemmes.fr\/people\/actus\/3270629-audrey-fleurot-inquiete-pour-son-fils-dyslexique-je-ne-savais-pas-quand-il-reussirait-a\/\" rel=\"nofollow noopener\" target=\"_blank\">la m\u00e8re d&rsquo;un fils unique pr\u00e9nomm\u00e9&#8230; Lou<\/a> (10 ans).\u00a0<\/p>\n<p>\u00ab\u00a0Nous, si on ne propose pas trois activit\u00e9s \u00e0 nos m\u00f4mes dans l&rsquo;apr\u00e8s-midi, on a l&rsquo;impression d&rsquo;\u00eatre des mauvais parents. L\u00e0 o\u00f9 j&rsquo;ai pass\u00e9 mon enfance \u00e0 m&rsquo;ennuyer, je trouve qu&rsquo;on n&rsquo;assume pas de laisser les enfants s&#8217;emmerder. Je vois mon fils qui glande, je suis l\u00e0, je me dis : &lsquo;Merde, je devrais lui proposer un truc.&rsquo; En m\u00eame temps, j&rsquo;ai tellement envie de lire un bouquin, je n&rsquo;en ai pas lu depuis je ne sais pas combien de temps\u00a0\u00bb, a-t-elle expliqu\u00e9 avec franchise.<\/p>\n<p><a class=\"fancy\" href=\"https:\/\/img-3.journaldesfemmes.fr\/7Ye-N_1v0zvd5MLxu2LemrMgXFA=\/1080x\/smart\/5790f56ca9c940f98b5157bb7273126a\/ccmcms-jdf\/40092578.jpg\" rel=\"nofollow noopener\" target=\"_blank\"><img decoding=\"async\" alt=\"\" src=\"https:\/\/www.europesays.com\/fr\/wp-content\/uploads\/2026\/08\/40092578.jpg\"\/><\/a><\/p>\n<p>\u00a9\u00a0Laurent VU\/SIPA <\/p>\n<p>Audrey Fleurot s&rsquo;est impos\u00e9e un rituel immuable avec son fils : lequel ?\u00a0<\/p>\n<p>La star aujourd&rsquo;hui \u00e2g\u00e9e de 49 ans, qui <a href=\"https:\/\/www.journaldesfemmes.fr\/people\/actus\/3185936-audrey-fleurot-la-star-d-hpi-n-ira-jamais-en-tournage-avec-son-fils\/\" rel=\"nofollow noopener\" target=\"_blank\">refuse d&#8217;emmener son fils en tournage<\/a> avec elle, essaye de trouver un bon \u00e9quilibre entre ses casquettes d&rsquo;actrice et de maman. \u00ab\u00a0Mon fils va s\u00fbrement me reprocher de ne pas avoir \u00e9t\u00e9 suffisamment l\u00e0&#8230; Et, en m\u00eame temps, chaque ann\u00e9e, je pars en vacances en t\u00eate-\u00e0-t\u00eate avec lui, je fais des voyages\u00a0\u00bb, a-t-elle confi\u00e9, sur ce beau rituel qui leur offrira des souvenirs \u00e0 vie.<\/p>\n<p>\u00ab\u00a0Donc, soyons un peu plus tol\u00e9rants avec nous-m\u00eames et laissons les papas faire tout ce qu&rsquo;ils savent faire aussi bien que les mamans\u00a0\u00bb, a ajout\u00e9 Audrey Fleurot au cours de cette interview. Le message est pass\u00e9 : s&rsquo;occuper des enfants n&rsquo;est pas que la t\u00e2che des mamans !<\/p>\n","protected":false},"excerpt":{"rendered":"Depuis quelques ann\u00e9es, Audrey Fleurot encha\u00eene les tournages et, d\u00e8s qu&rsquo;elle a un peu de temps libre, elle&hellip;\n","protected":false},"author":2,"featured_media":1125752,"comment_status":"","ping_status":"","sticky":false,"template":"","format":"standard","meta":{"footnotes":"","_share_on_mastodon":"0"},"categories":[1359],"tags":[3723,21259,115503,51761,58,59,51763,1011,27,115504,51766,51767,973],"class_list":["post-1125751","post","type-post","status-publish","format-standard","has-post-thumbnail","category-people","tag-actus","tag-audrey-fleurot","tag-cms-journaldesfemmes-3274957","tag-controller-content","tag-divertissement","tag-entertainment","tag-format-papier","tag-fr","tag-france","tag-guillaume-labbe","tag-les-histoires-du-jdf","tag-parallaxeinfeed","tag-people"],"share_on_mastodon":{"url":"https:\/\/pubeurope.com\/@fr\/117092255638351617","error":""},"_links":{"self":[{"href":"https:\/\/www.europesays.com\/fr\/wp-json\/wp\/v2\/posts\/1125751","targetHints":{"allow":["GET"]}}],"collection":[{"href":"https:\/\/www.europesays.com\/fr\/wp-json\/wp\/v2\/posts"}],"about":[{"href":"https:\/\/www.europesays.com\/fr\/wp-json\/wp\/v2\/types\/post"}],"author":[{"embeddable":true,"href":"https:\/\/www.europesays.com\/fr\/wp-json\/wp\/v2\/users\/2"}],"replies":[{"embeddable":true,"href":"https:\/\/www.europesays.com\/fr\/wp-json\/wp\/v2\/comments?post=1125751"}],"version-history":[{"count":0,"href":"https:\/\/www.europesays.com\/fr\/wp-json\/wp\/v2\/posts\/1125751\/revisions"}],"wp:featuredmedia":[{"embeddable":true,"href":"https:\/\/www.europesays.com\/fr\/wp-json\/wp\/v2\/media\/1125752"}],"wp:attachment":[{"href":"https:\/\/www.europesays.com\/fr\/wp-json\/wp\/v2\/media?parent=1125751"}],"wp:term":[{"taxonomy":"category","embeddable":true,"href":"https:\/\/www.europesays.com\/fr\/wp-json\/wp\/v2\/categories?post=1125751"},{"taxonomy":"post_tag","embeddable":true,"href":"https:\/\/www.europesays.com\/fr\/wp-json\/wp\/v2\/tags?post=1125751"}],"curies":[{"name":"wp","href":"https:\/\/api.w.org\/{rel}","templated":true}]}}