{"id":112578,"date":"2025-05-19T20:03:11","date_gmt":"2025-05-19T20:03:11","guid":{"rendered":"https:\/\/www.europesays.com\/fr\/112578\/"},"modified":"2025-05-19T20:03:11","modified_gmt":"2025-05-19T20:03:11","slug":"le-culte-de-jensen-huang-pdg-de-nvidia-enflamme-son-pays-natal","status":"publish","type":"post","link":"https:\/\/www.europesays.com\/fr\/112578\/","title":{"rendered":"le culte de Jensen Huang, PDG de Nvidia, enflamme son pays natal"},"content":{"rendered":"<p><strong>REPORTAGE <\/strong>&#8211; Les d\u00e9placements du grand patron \u00e0 Ta\u00efwan d\u00e9clenchent sc\u00e8nes de liesse et fort int\u00e9r\u00eat des m\u00e9dias. Jensen Huang a annonc\u00e9 ce lundi \u00e0 Taipei l\u2019ouverture de nouveaux bureaux, et des collaborations avec des entreprises locales.<\/p>\n<p class=\"fig-paragraph\">Les projecteurs sont braqu\u00e9s sur lui\u00a0: un petit homme v\u00eatu d\u2019une veste en cuir noire brillant de tous feux, au milieu d\u2019un amphith\u00e9\u00e2tre d\u00e9bordant de monde. On pourrait presque croire assister \u00e0 un concert de rock s\u2019il ne s\u2019agissait en r\u00e9alit\u00e9 du discours de\u00a0<a href=\"https:\/\/www.lefigaro.fr\/secteur\/high-tech\/qui-est-jensen-huang-pdg-de-nvidia-et-concepteur-des-cerveaux-des-intelligences-artificielles-20231201\" data-fig-type=\"Article\" data-gtm-custom-categorie=\"navigation\" data-gtm-custom-action=\"crossclick\" data-gtm-custom-label=\"Contextuel\" data-gtm-event=\"customEventSPE\" data-fig-domain=\"LEFIGARO\" target=\"_blank\" rel=\"noopener\">Jensen Huang, le patron de Nvidia<\/a>, l\u2019entreprise am\u00e9ricaine qui a explos\u00e9 avec le d\u00e9veloppement de l\u2019IA. En 2024, elle a acc\u00e9d\u00e9 au rang de premi\u00e8re capitalisation boursi\u00e8re du monde. Ce lundi 19 mai, la prise de parole du grand patron n\u00e9 \u00e0 Ta\u00efwan il y a 62 ans a \u00e9t\u00e9 avidement suivie \u00e0 l\u2019occasion du salon Computex, \u00e9v\u00e8nement incontournable de la tech qui a lieu chaque ann\u00e9e \u00e0 Taipei. Pour lui tout seul, le dieu des composants informatiques a eu le droit \u00e0 une salle de concert, soit des milliers de places. Pour ceux qui n\u2019ont pas eu la chance de pouvoir r\u00e9server un si\u00e8ge, les universit\u00e9s du pays avaient organis\u00e9 des \u00ab Watch Parties\u00a0\u00bb pour regarder en direct la retransmission de son discours.<\/p>\n<p class=\"fig-paragraph\">Dans un d\u00e9cor teint\u00e9 de vert fluo, en\u2026<\/p>\n<p class=\"fig-premium-paywall__infos\">\n        Cet article est r\u00e9serv\u00e9 aux abonn\u00e9s.        Il vous reste 82% \u00e0 d\u00e9couvrir.\n    <\/p>\n<p>                <img  data- alt=\"Le Figaro\" class=\"fig-img--complete fig-img\"\/><\/p>\n<p class=\"fig-premium-paywall__title\">Vente Flash<\/p>\n<p class=\"fig-premium-paywall__subtitle\">4,99\u20ac par mois pendant 12 mois. Sans engagement.<\/p>\n<p class=\"fig-premium-paywall__connect\">\n                D\u00e9j\u00e0 abonn\u00e9\u00a0?                <a class=\"fig-premium-paywall__connect-link\" href=\"https:\/\/connect.lefigaro.fr\/login?client=horizon_web&amp;type=main&amp;redirect_uri=https%3A%2F%2Fwww.lefigaro.fr%2Fsecteur%2Fhigh-tech%2Fc-est-la-fierte-de-taiwan-on-l-aime-tous-le-culte-de-jensen-huang-pdg-de-nvidia-enflamme-son-pays-natal-20250519\" data-js-gtm=\"{&quot;customCategorie&quot;: &quot;conversion&quot;, &quot;customAction&quot;: &quot;before_Landing_Connexion_paywall_auto&quot;, &quot;customLabel&quot;: &quot;bGVmaWdhcm8uZnJfXzFmMDM0YmNiLWE2MGEtNjU0OC05OTk2LTZiNzM3MjJhNzY5OF9fTmV3c0ZsYXNo_\u00abC\u2019est la fiert\u00e9 de Ta\u00efwan, on l\u2019aime tous\u00bb\u00a0: le culte de Jensen Huang, PDG de Nvidia, enflamme son pays natal_35&quot;, &quot;customIDSPE&quot;: &quot;bGVmaWdhcm8uZnJfXzFmMDM0YmNiLWE2MGEtNjU0OC05OTk2LTZiNzM3MjJhNzY5OF9fTmV3c0ZsYXNo&quot;, &quot;event&quot;: &quot;customEventSPE&quot;}\" target=\"_blank\" rel=\"noopener\"><br \/>\n                    Connectez-vous<br \/>\n                <\/a>\n            <\/p>\n","protected":false},"excerpt":{"rendered":"REPORTAGE &#8211; Les d\u00e9placements du grand patron \u00e0 Ta\u00efwan d\u00e9clenchent sc\u00e8nes de liesse et fort int\u00e9r\u00eat des m\u00e9dias.&hellip;\n","protected":false},"author":2,"featured_media":112579,"comment_status":"","ping_status":"","sticky":false,"template":"","format":"standard","meta":{"footnotes":""},"categories":[6],"tags":[47,722,723,35,33,34,1011,27,727,726,142,310,655,720,719,8835,14082,724,725,22053,717,718,721,728],"class_list":{"0":"post-112578","1":"post","2":"type-post","3":"status-publish","4":"format-standard","5":"has-post-thumbnail","7":"category-economie","8":"tag-actualite","9":"tag-blog","10":"tag-blogs","11":"tag-business","12":"tag-economie","13":"tag-economy","14":"tag-fr","15":"tag-france","16":"tag-gadget","17":"tag-gadgets","18":"tag-high-tech","19":"tag-internet","20":"tag-iphone","21":"tag-multimedia","22":"tag-nouvelles-technolgies","23":"tag-nvidia","24":"tag-puces","25":"tag-smartphone","26":"tag-tablette","27":"tag-taiwan","28":"tag-technologie","29":"tag-tic","30":"tag-web","31":"tag-widgets"},"share_on_mastodon":{"url":"https:\/\/pubeurope.com\/@fr\/114536291011353912","error":""},"_links":{"self":[{"href":"https:\/\/www.europesays.com\/fr\/wp-json\/wp\/v2\/posts\/112578","targetHints":{"allow":["GET"]}}],"collection":[{"href":"https:\/\/www.europesays.com\/fr\/wp-json\/wp\/v2\/posts"}],"about":[{"href":"https:\/\/www.europesays.com\/fr\/wp-json\/wp\/v2\/types\/post"}],"author":[{"embeddable":true,"href":"https:\/\/www.europesays.com\/fr\/wp-json\/wp\/v2\/users\/2"}],"replies":[{"embeddable":true,"href":"https:\/\/www.europesays.com\/fr\/wp-json\/wp\/v2\/comments?post=112578"}],"version-history":[{"count":0,"href":"https:\/\/www.europesays.com\/fr\/wp-json\/wp\/v2\/posts\/112578\/revisions"}],"wp:featuredmedia":[{"embeddable":true,"href":"https:\/\/www.europesays.com\/fr\/wp-json\/wp\/v2\/media\/112579"}],"wp:attachment":[{"href":"https:\/\/www.europesays.com\/fr\/wp-json\/wp\/v2\/media?parent=112578"}],"wp:term":[{"taxonomy":"category","embeddable":true,"href":"https:\/\/www.europesays.com\/fr\/wp-json\/wp\/v2\/categories?post=112578"},{"taxonomy":"post_tag","embeddable":true,"href":"https:\/\/www.europesays.com\/fr\/wp-json\/wp\/v2\/tags?post=112578"}],"curies":[{"name":"wp","href":"https:\/\/api.w.org\/{rel}","templated":true}]}}