{"id":1125843,"date":"2026-08-14T06:47:12","date_gmt":"2026-08-14T06:47:12","guid":{"rendered":"https:\/\/www.europesays.com\/fr\/1125843\/"},"modified":"2026-08-14T06:47:12","modified_gmt":"2026-08-14T06:47:12","slug":"au-royaume-uni-nigel-farage-reelu-depute-sans-surprise-dans-cette-election-absurde","status":"publish","type":"post","link":"https:\/\/www.europesays.com\/fr\/1125843\/","title":{"rendered":"Au Royaume-Uni, Nigel Farage r\u00e9\u00e9lu d\u00e9put\u00e9 sans surprise dans cette \u00e9lection absurde"},"content":{"rendered":"<p>                 \u00c0 voir aussi sur Le HuffPost            <\/p>\n<p> La lecture de ce contenu est susceptible d\u2019entra\u00eener un d\u00e9p\u00f4t de cookies de la part de l\u2019op\u00e9rateur tiers qui l\u2019h\u00e9berge. Compte-tenu des choix que vous avez exprim\u00e9s en mati\u00e8re de d\u00e9p\u00f4t de cookies, nous avons bloqu\u00e9 l\u2019affichage de ce contenu. Si vous souhaitez y acc\u00e9der, vous devez accepter la cat\u00e9gorie de cookies \u201cContenus tiers\u201d en cliquant sur le bouton ci-dessous. <\/p>\n<p> Lire la Vid\u00e9o              <\/p>\n<p class=\"asset asset-text\">La surprise n\u2019aura pas eu lieu. <a href=\"https:\/\/www.huffingtonpost.fr\/international\/article\/ce-projet-de-nigel-farage-sur-l-immigration-dans-la-manche-pousse-la-france-a-reagir_299445.html\" rel=\"nofollow noopener\" target=\"_blank\">Nigel Farage<\/a>, le chef du parti anti-immigration <a href=\"https:\/\/www.huffingtonpost.fr\/politique\/article\/la-rencontre-de-bardella-avec-farage-un-dirigeant-qui-a-regulierement-insulte-la-france-etrillee-par-un-ministre_258061.html\" rel=\"nofollow noopener\" target=\"_blank\">Reform UK<\/a>, a facilement r\u00e9\u00e9lu d\u00e9put\u00e9 lors d\u2019une l\u00e9gislative partielle pour laquelle il avait pour principal rival un candidat satirique, le Comte Face-de-Poubelle, qui a fait un score plus important que pr\u00e9vu.<\/p>\n<p class=\"asset asset-text\">Selon les r\u00e9sultats annonc\u00e9s ce vendredi 14\u00a0ao\u00fbt par les autorit\u00e9s \u00e9lectorales, Nigel Farage a recueilli 22\u00a0239\u00a0suffrages, soit pr\u00e8s de 63\u00a0% des voix, contre 9\u00a0455\u00a0pour son adversaire lors de cette \u00e9lection partielle dans la station baln\u00e9aire vieillotte de Clacton-on-Sea.<\/p>\n<p class=\"asset asset-text\">Mais le score du Comte Face-de-Poubelle (\u00ab\u00a0Count Binface\u00a0\u00bb), qui a recueilli 27\u00a0% des voix, est\u00a0beaucoup plus haut que les estimations qui le donnaient \u00e0 20\u00a0%, un score hypoth\u00e9tique d\u00e9j\u00e0 consid\u00e9r\u00e9 comme remarquable.<\/p>\n<p class=\"asset asset-text\">Nigel Farage avait revendiqu\u00e9 sa victoire un peu plus t\u00f4t ce vendredi, avant m\u00eame les r\u00e9sultats officiels. \u00ab\u00a0Le r\u00e9sultat \u00e0 Clacton parle de lui-m\u00eame\u00a0\u00bb, a d\u00e9clar\u00e9 le politicien de 62\u00a0ans dans un discours prononc\u00e9 dans l\u2019Essex et retransmis sur X. \u00ab\u00a0Le verdict est tomb\u00e9 et c\u2019est une victoire convaincante et \u00e9crasante (&#8230;) nous avons obtenu bien plus de voix que lors des \u00e9lections l\u00e9gislatives de 2024\u00a0\u00bb, a assur\u00e9 l\u2019ex-h\u00e9raut du Brexit. Il a indiqu\u00e9 ne pas se rendre au lieu du d\u00e9pouillement.<\/p>\n<p>                     Rattrap\u00e9 pour des scandales financiers    <\/p>\n<p class=\"asset asset-text\">\u00c9lu pour la premi\u00e8re fois d\u00e9put\u00e9 en juillet\u00a02024\u00a0apr\u00e8s sept tentatives infructueuses, Nigel Farage avait lui-m\u00eame d\u00e9missionn\u00e9 d\u00e9but juillet de son mandat \u00e0 Clacton apr\u00e8s avoir \u00e9t\u00e9 rattrap\u00e9 par des affaires de dons non d\u00e9clar\u00e9s.<\/p>\n<p class=\"asset asset-text\">Le gendarme de l\u2019\u00e9thique parlementaire britannique enqu\u00eate en effet sur un don de cinq millions de livres (5,7\u00a0millions d\u2019euros) que Nigel Farage a re\u00e7u d\u2019un milliardaire ayant fait fortune dans les cryptomonnaies, Christopher Harborne, peu avant son \u00e9lection \u00e0 Clacton en juillet\u00a02024.<\/p>\n<p class=\"asset asset-text\">Selon le Times, il aurait \u00e9galement re\u00e7u un don non d\u00e9clar\u00e9 de George Cottrell, entrepreneur en cryptomonnaies condamn\u00e9 pour fraude aux \u00c9tats-Unis en 2017. Face \u00e0 ces enqu\u00eates qui l\u2019ont visiblement d\u00e9stabilis\u00e9 et mis le doigt sur sa fortune, Farage a pr\u00e9sent\u00e9 ce scrutin comme le \u00ab\u00a0verdict du peuple\u00a0\u00bb contre \u00ab\u00a0l\u2019establishment\u00a0\u00bb.<\/p>\n<p class=\"asset asset-text\">Maintenant que Nigel Farage est r\u00e9\u00e9lu \u00e0 Clacton, cette enqu\u00eate parlementaire sur les dons non d\u00e9clar\u00e9s, mise en pause apr\u00e8s sa d\u00e9mission, va reprendre. Si elle devait conclure \u00e0 une faute s\u00e9rieuse, il pourrait \u00eatre suspendu de son si\u00e8ge pour plus de 10\u00a0jours, ce qui d\u00e9clencherait automatiquement une nouvelle \u00e9lection. Les partis traditionnels ont d\u00e9j\u00e0 annonc\u00e9 qu\u2019ils pr\u00e9senteraient alors des candidats.<\/p>\n<p>    Un scrutin boycott\u00e9 par les autres grands partis    <\/p>\n<p class=\"asset asset-text\">Un nombre record de 34\u00a0candidats, pour la plupart ind\u00e9pendants et inconnus, s\u2019affrontaient pour ce scrutin \u00e0 Clacton. Travaillistes, conservateurs, lib\u00e9raux-d\u00e9mocrates ou Verts ont en effet boycott\u00e9 cette \u00e9lection qu\u2019ils qualifiaient de pure man\u0153uvre politique.<\/p>\n<p class=\"asset asset-text\">Face \u00e0 cette situation, \u00ab\u00a0c\u2019est mon humble devoir\u00a0\u00bb d\u2019incarner l\u2019opposition, avait d\u00e9clar\u00e9 Count Binface t\u00f4t ce vendredi \u00e0 l\u2019AFP. \u00ab\u00a0Si une majorit\u00e9 des \u00e9lecteurs de Clacton se prononce en faveur de son retour en tant que d\u00e9put\u00e9, il faut respecter ce choix\u00a0\u00bb, a-t-il r\u00e9agi au sujet de Nigel Farage, et \u00ab\u00a0si une enqu\u00eate parlementaire conclut qu\u2019il a commis des irr\u00e9gularit\u00e9s financi\u00e8res qu\u2019il n\u2019aurait pas d\u00fb commettre, cela doit \u00e9galement \u00eatre respect\u00e9\u00a0\u00bb.<\/p>\n<p class=\"asset asset-text\">Parmi les promesses de son adversaire Face-de-Poubelle, derri\u00e8re lequel se cache l\u2019humoriste Jon Harvey\u00a0: \u00ab\u00a0nationaliser\u00a0\u00bb la chanteuse Adele ou encore \u00ab\u00a0boucher tous les nids-de-poule avec le programme du Labour de 2024\u00a0\u00bb.<\/p>\n","protected":false},"excerpt":{"rendered":"\u00c0 voir aussi sur Le HuffPost La lecture de ce contenu est susceptible d\u2019entra\u00eener un d\u00e9p\u00f4t de cookies&hellip;\n","protected":false},"author":2,"featured_media":1125844,"comment_status":"","ping_status":"","sticky":false,"template":"","format":"standard","meta":{"footnotes":"","_share_on_mastodon":"0"},"categories":[1588],"tags":[11,1777,674,14,12,10669,473,1853,1851,1850,1852],"class_list":["post-1125843","post","type-post","status-publish","format-standard","has-post-thumbnail","category-royaume-uni","tag-actualites","tag-eu","tag-europe","tag-international","tag-news","tag-nigel-farage","tag-royaume-uni","tag-royaume-uni-de-grande-bretagne-et-dirlande-du-nord","tag-uk","tag-united-kingdom","tag-united-kingdom-of-great-britain-and-northern-ireland"],"share_on_mastodon":{"url":"https:\/\/pubeurope.com\/@fr\/117092525914315843","error":""},"_links":{"self":[{"href":"https:\/\/www.europesays.com\/fr\/wp-json\/wp\/v2\/posts\/1125843","targetHints":{"allow":["GET"]}}],"collection":[{"href":"https:\/\/www.europesays.com\/fr\/wp-json\/wp\/v2\/posts"}],"about":[{"href":"https:\/\/www.europesays.com\/fr\/wp-json\/wp\/v2\/types\/post"}],"author":[{"embeddable":true,"href":"https:\/\/www.europesays.com\/fr\/wp-json\/wp\/v2\/users\/2"}],"replies":[{"embeddable":true,"href":"https:\/\/www.europesays.com\/fr\/wp-json\/wp\/v2\/comments?post=1125843"}],"version-history":[{"count":0,"href":"https:\/\/www.europesays.com\/fr\/wp-json\/wp\/v2\/posts\/1125843\/revisions"}],"wp:featuredmedia":[{"embeddable":true,"href":"https:\/\/www.europesays.com\/fr\/wp-json\/wp\/v2\/media\/1125844"}],"wp:attachment":[{"href":"https:\/\/www.europesays.com\/fr\/wp-json\/wp\/v2\/media?parent=1125843"}],"wp:term":[{"taxonomy":"category","embeddable":true,"href":"https:\/\/www.europesays.com\/fr\/wp-json\/wp\/v2\/categories?post=1125843"},{"taxonomy":"post_tag","embeddable":true,"href":"https:\/\/www.europesays.com\/fr\/wp-json\/wp\/v2\/tags?post=1125843"}],"curies":[{"name":"wp","href":"https:\/\/api.w.org\/{rel}","templated":true}]}}