{"id":112597,"date":"2025-05-19T20:14:08","date_gmt":"2025-05-19T20:14:08","guid":{"rendered":"https:\/\/www.europesays.com\/fr\/112597\/"},"modified":"2025-05-19T20:14:08","modified_gmt":"2025-05-19T20:14:08","slug":"le-mhb-savoure-sa-14e-coupe-de-france-avant-de-basculer-sur-le-final-four-de-ligue-europeenne","status":"publish","type":"post","link":"https:\/\/www.europesays.com\/fr\/112597\/","title":{"rendered":"le MHB savoure sa 14e coupe de France avant de basculer sur le Final Four de Ligue Europ\u00e9enne"},"content":{"rendered":"<p>            Par<br \/>\n        <strong><br \/>\n            <a href=\"https:\/\/actu.fr\/auteur\/c-nithard\" title=\"Consulter tous les articles de C\u00e9dric Nithard\" rel=\"nofollow noopener\" target=\"_blank\">C\u00e9dric Nithard<\/a><br \/>\n        <\/strong><\/p>\n<p>        Publi\u00e9 le<\/p>\n<p>            19 mai 2025 \u00e0 20h16        <\/p>\n<p>Au terme d\u2019un match haletant,<strong> le MHB<\/strong> a remport\u00e9 dimanche \u00e0 l\u2019Accor Arena de Paris la finale de la coupe de France face au PSG (28-28, 8-7 aux tirs au but). <strong>Un troph\u00e9e<\/strong> c\u00e9l\u00e9br\u00e9 comme il se doit avec leurs supporters \u00e0 <strong>leur retour \u00e0 Montpellier<\/strong> ce lundi. Des c\u00e9l\u00e9brations toutefois de courtes dur\u00e9es puisque les hommes d\u2019\u00c9rick Math\u00e9 basculeront d\u00e8s demain sur la pr\u00e9paration du <strong>Final Four de Ligue Europ\u00e9enne<\/strong> (C2) les 24 et 25 mai \u00e0 Hambourg.<\/p>\n<p>Un 43e troph\u00e9e<\/p>\n<p class=\" wall-content\">Cela faisait sept ans, apr\u00e8s sa 2e victoire en Ligue des Champions en 2018, que le MHB n\u2019avait pas go\u00fbt\u00e9 au plaisir de c\u00e9l\u00e9brer un titre. Une incoh\u00e9rence pour un club au d\u00e9sormais 43 troph\u00e9es (2 ligues des champions, 14 championnats de France, 14 coupes de France, 10 coupes de la ligue et 3 troph\u00e9es des champions) et un soulagement \u00e0 titre individuel pour <a href=\"https:\/\/actu.fr\/occitanie\/montpellier_34172\/julien-deljarry-nouveau-president-la-sas-montpellier-handball_25015310.html\" rel=\"nofollow noopener\" target=\"_blank\">le pr\u00e9sident Julien Deljarry qui d\u00e9sesp\u00e9rait depuis sa prise de fonction en 2019<\/a> voyant Paris ou Nantes jouer les premiers r\u00f4les. \u00ab\u00a0\u00c0 chaque fois on perdait les matchs \u00e0 pas grand chose. Cette fois-ci on n\u2019a pas l\u00e2ch\u00e9 et on est all\u00e9s chercher ce titre au bout d\u2019un suspens intenable mais enfin on ram\u00e8ne ce titre \u00e0 Montpellier\u00a0\u00bb se r\u00e9jouissait-il avant la pr\u00e9sentation du troph\u00e9e sur le balcon de l\u2019op\u00e9ra Com\u00e9die comme le veut la tradition.<\/p>\n<p>    <a href=\"https:\/\/www.google.com\/maps\/embed?pb=!1m18!1m12!1m3!1d2888.914550240149!2d3.8761798756220656!3d43.608320755333246!2m3!1f0!2f0!3f0!3m2!1i1024!2i768!4f13.1!3m3!1m2!1s0x12b6afa704feaaab%3A0x96358f2ec1949b2a!2sOpera%20Comedie!5e0!3m2!1sfr!2sfr!4v1747677718996!5m2!1sfr!2sfr\" title=\"Ouvrie le lien\" rel=\"nofollow noopener\" target=\"_blank\">Cliquez ici pour visualiser le contenu<\/a><\/p>\n<p class=\" wall-content\">Une victoire qui vient confirmer, s\u2019il le fallait, le choix d\u2019<a href=\"https:\/\/actu.fr\/occitanie\/montpellier_34172\/montpellier-handball-apres-patrice-canayer-erick-mathe-le-choix-du-coeur-et-des-ambitions_60266770.html\" rel=\"nofollow noopener\" target=\"_blank\">\u00c9rick Math\u00e9 qui a pris la suite de l\u2019embl\u00e9matique Patrice Canayer au d\u00e9but de la saison<\/a>. Apr\u00e8s avoir \u00e9t\u00e9 adjoint de ce dernier de 2015 \u00e0 2018 et parti officier \u00e0 Chamb\u00e9ry, c\u2019est un retour gagnant dans l\u2019H\u00e9rault d\u00e8s sa premi\u00e8re saison \u00e0 la t\u00eate de l\u2019\u00e9quipe premi\u00e8re. \u00ab\u00a0J\u2019ai toujours dit que j\u2019en \u00e9tais tr\u00e8s heureux, mais la r\u00e9alit\u00e9, c\u2019est que l\u2019on juge sur les faits et les faits sont l\u00e0. \u00c9rick est all\u00e9 au-del\u00e0 des r\u00e9sultats que l\u2019on a pu avoir ces derni\u00e8res ann\u00e9es. Donc pour moi c\u2019est le bon choix et je suis tr\u00e8s heureux qu\u2019il soit \u00e0 Montpellier\u00a0\u00bb confiait son pr\u00e9sident.<\/p>\n<p>L\u2019envie d\u2019autres titres<\/p>\n<p class=\" wall-content\">Quant aux joueurs, m\u00eame s\u2019ils ont f\u00eat\u00e9 \u00e7a raisonnablement dimanche soir, la nuit a \u00e9t\u00e9 courte. \u00ab\u00a0On dort rarement apr\u00e8s une finale mais au moins quand on gagne on se r\u00e9veille avec le sourire, c\u2019est quand m\u00eame mieux\u00a0\u00bb reconnaissait Valentin Porte enfin r\u00e9compens\u00e9 apr\u00e8s cinq finales de coupe de France perdues. \u00ab\u00a0Un peu d\u2019obstination c\u2019est bien\u00a0\u00bb s\u2019amusait-il \u00ab\u00a0Au-del\u00e0, cette victoire repr\u00e9sente beaucoup parce que ce groupe le m\u00e9rite. Cela fait pas mal d\u2019ann\u00e9es que l\u2019on travaille ensemble, on a un groupe vraiment exceptionnel et \u00eatre r\u00e9compens\u00e9 par un titre ce n\u2019est que du bonheur\u00a0\u00bb. Un capitaine heureux aussi de mettre fin \u00e0 la disette du club, lui qui n\u2019en avait remport\u00e9 qu\u2019un seul jusque-l\u00e0 avec le MHB, m\u00eame si le plus beau. \u00ab\u00a0J\u2019esp\u00e8re que l\u2019on ne va pas attendre encore sept ans avant de gagner un titre, j\u2019ai envie que cela nous donne des ailes et que l\u2019on aille en chercher plus souvent\u00a0\u00bb ambitionne-t-il.<\/p>\n<p>Vid\u00e9os : en ce moment sur Actu<\/p>\n<p class=\" wall-content\">M\u00eame tonalit\u00e9 chez R\u00e9mi Desbonnet : \u00ab\u00a0J\u2019esp\u00e8re que c\u2019est le d\u00e9but d\u2019une nouvelle \u00e8re pour le MHB et peut-\u00eatre la fin de tous ces d\u00e9bats qui se demandent si Montpellier est d\u00e9pass\u00e9 par les deux gros que sont Paris et Nantes. Ce titre est lourd de sens\u00a0\u00bb. Un troph\u00e9e particulier \u00e9galement pour le gardien natif de Montpellier qui n\u2019oublie pas son ancien entra\u00eeneur : \u00ab\u00a0C\u2019est aussi la premi\u00e8re ann\u00e9e o\u00f9 Patrice n\u2019est plus \u00e0 la t\u00eate de l\u2019\u00e9quipe et on a une \u00e9norme pens\u00e9e pour lui car c\u2019est aussi le travail de plusieurs ann\u00e9es\u00a0\u00bb.<\/p>\n<p>D\u00e8s demain vers le Final Four<\/p>\n<p class=\" wall-content\">Le MHB n\u2019aura malheureusement pas beaucoup de temps pour f\u00eater ce troph\u00e9e. Le Final Four de la Ligue Europ\u00e9enne \u00e0 Hambourg se pr\u00e9sente \u00e0 eux d\u00e8s samedi avec premi\u00e8re \u00e9tape \u00e0 franchir face \u00e0 Kiel pour atteindre la finale (Flensburg ou Melsungen). \u00ab\u00a0Pour l\u2019instant on n\u2019a pas trop eu le temps d\u2019en discuter. On mettra tout \u00e7a au clair demain mais, personnellement je pense que c\u2019est bien. On peut aborder ce Final 4 sans pression, on a d\u00e9j\u00e0 valid\u00e9 un titre, on y va pour se faire plaisir et essayer de faire quelque chose\u00a0\u00bb confiait Valentin Porte qui pr\u00e9vient toutefois : \u00ab\u00a0Demain, il faut se remettre au travail car il reste encore pas mal de matchs, ce n\u2019est pas encore les vacances ! J\u2019ai envie que l\u2019on ait encore plus faim, d\u2019aller chercher un r\u00e9sultat le week-end prochain et les meilleurs r\u00e9sultats sur les trois derniers matchs de championnat\u00a0\u00bb. Avec d\u2019ailleurs la perspective le samedi 31 mai de retrouver le PSG \u00e0 l\u2019Arena. Mais avant cela, c\u2019est une belle soir\u00e9e qui se d\u00e9roule ce lundi soir au FDI Stadium avec les supporters. En esp\u00e9rant, une f\u00eate encore plus grande la semaine prochaine.<\/p>\n<p class=\" wall-content\">Suivez toute l\u2019actualit\u00e9 de vos villes et m\u00e9dias favoris en vous inscrivant \u00e0 <a href=\"https:\/\/moncompte.actu.fr\" title=\"D\u00e9couvez Mon Actu\" rel=\"nofollow noopener\" data-trk=\"{&quot;cta&quot;:{&quot;action&quot;:&quot;https:\\\/\\\/moncompte.actu.fr&quot;,&quot;category&quot;:&quot;mon compte&quot;,&quot;from&quot;:&quot;article footer&quot;,&quot;name&quot;:&quot;Mon actu&quot;,&quot;type&quot;:&quot;cta&quot;}}\" target=\"_blank\">Mon Actu<\/a>.<\/p>\n","protected":false},"excerpt":{"rendered":"Par C\u00e9dric Nithard Publi\u00e9 le 19 mai 2025 \u00e0 20h16 Au terme d\u2019un match haletant, le MHB a&hellip;\n","protected":false},"author":2,"featured_media":112598,"comment_status":"","ping_status":"","sticky":false,"template":"","format":"standard","meta":{"footnotes":""},"categories":[9599],"tags":[1111,11,1777,674,1011,27,1792,2208,12,2680,25,60],"class_list":{"0":"post-112597","1":"post","2":"type-post","3":"status-publish","4":"format-standard","5":"has-post-thumbnail","7":"category-montpellier","8":"tag-actu","9":"tag-actualites","10":"tag-eu","11":"tag-europe","12":"tag-fr","13":"tag-france","14":"tag-handball","15":"tag-montpellier","16":"tag-news","17":"tag-occitanie","18":"tag-republique-francaise","19":"tag-sports"},"share_on_mastodon":{"url":"https:\/\/pubeurope.com\/@fr\/114536334236146921","error":""},"_links":{"self":[{"href":"https:\/\/www.europesays.com\/fr\/wp-json\/wp\/v2\/posts\/112597","targetHints":{"allow":["GET"]}}],"collection":[{"href":"https:\/\/www.europesays.com\/fr\/wp-json\/wp\/v2\/posts"}],"about":[{"href":"https:\/\/www.europesays.com\/fr\/wp-json\/wp\/v2\/types\/post"}],"author":[{"embeddable":true,"href":"https:\/\/www.europesays.com\/fr\/wp-json\/wp\/v2\/users\/2"}],"replies":[{"embeddable":true,"href":"https:\/\/www.europesays.com\/fr\/wp-json\/wp\/v2\/comments?post=112597"}],"version-history":[{"count":0,"href":"https:\/\/www.europesays.com\/fr\/wp-json\/wp\/v2\/posts\/112597\/revisions"}],"wp:featuredmedia":[{"embeddable":true,"href":"https:\/\/www.europesays.com\/fr\/wp-json\/wp\/v2\/media\/112598"}],"wp:attachment":[{"href":"https:\/\/www.europesays.com\/fr\/wp-json\/wp\/v2\/media?parent=112597"}],"wp:term":[{"taxonomy":"category","embeddable":true,"href":"https:\/\/www.europesays.com\/fr\/wp-json\/wp\/v2\/categories?post=112597"},{"taxonomy":"post_tag","embeddable":true,"href":"https:\/\/www.europesays.com\/fr\/wp-json\/wp\/v2\/tags?post=112597"}],"curies":[{"name":"wp","href":"https:\/\/api.w.org\/{rel}","templated":true}]}}