{"id":112601,"date":"2025-05-19T20:17:34","date_gmt":"2025-05-19T20:17:34","guid":{"rendered":"https:\/\/www.europesays.com\/fr\/112601\/"},"modified":"2025-05-19T20:17:34","modified_gmt":"2025-05-19T20:17:34","slug":"grenoble-les-48h-de-lagriculture-urbaine-se-sont-invitees-pres-des-stands-de-la-biennale","status":"publish","type":"post","link":"https:\/\/www.europesays.com\/fr\/112601\/","title":{"rendered":"Grenoble. Les 48h de l\u2019Agriculture urbaine se sont invit\u00e9es pr\u00e8s des stands de la biennale"},"content":{"rendered":"<p>Ce samedi 17\u00a0mai, plusieurs stands \u00e9taient en place au Palais des sports pour la biennale des Villes en transition 2025. L\u2019association Jardin Hoche, La Fratrie des glaneurs solidaires grenoblois, Gentiana, le collectif Calisoli ou d\u2019autres \u00e9taient pr\u00e9sents pour faire d\u00e9couvrir toutes les initiatives et possibilit\u00e9s dans l\u2019aire grenobloise, \u00e0 l\u2019occasion des 48h de l\u2019Agriculture urbaine. Et tout l\u2019apr\u00e8s-midi, au parc Paul-Mistral, on pouvait voir des moutons au parc\u00a0: ce sont ceux de la Ville, qui ont investi l\u2019espace pour p\u00e2turer lors de la Biennale.<\/p>\n","protected":false},"excerpt":{"rendered":"Ce samedi 17\u00a0mai, plusieurs stands \u00e9taient en place au Palais des sports pour la biennale des Villes en&hellip;\n","protected":false},"author":2,"featured_media":112602,"comment_status":"","ping_status":"","sticky":false,"template":"","format":"standard","meta":{"footnotes":""},"categories":[9566],"tags":[1111,11,2430,1687,112,1777,674,1011,27,2731,2732,12,25],"class_list":{"0":"post-112601","1":"post","2":"type-post","3":"status-publish","4":"format-standard","5":"has-post-thumbnail","7":"category-grenoble","8":"tag-actu","9":"tag-actualites","10":"tag-auvergne-rhone-alpes","11":"tag-culture-loisirs","12":"tag-edition-grenoble-agglomeration","13":"tag-eu","14":"tag-europe","15":"tag-fr","16":"tag-france","17":"tag-grenoble","18":"tag-grenoble-bassin","19":"tag-news","20":"tag-republique-francaise"},"share_on_mastodon":{"url":"https:\/\/pubeurope.com\/@fr\/114536345966589490","error":""},"_links":{"self":[{"href":"https:\/\/www.europesays.com\/fr\/wp-json\/wp\/v2\/posts\/112601","targetHints":{"allow":["GET"]}}],"collection":[{"href":"https:\/\/www.europesays.com\/fr\/wp-json\/wp\/v2\/posts"}],"about":[{"href":"https:\/\/www.europesays.com\/fr\/wp-json\/wp\/v2\/types\/post"}],"author":[{"embeddable":true,"href":"https:\/\/www.europesays.com\/fr\/wp-json\/wp\/v2\/users\/2"}],"replies":[{"embeddable":true,"href":"https:\/\/www.europesays.com\/fr\/wp-json\/wp\/v2\/comments?post=112601"}],"version-history":[{"count":0,"href":"https:\/\/www.europesays.com\/fr\/wp-json\/wp\/v2\/posts\/112601\/revisions"}],"wp:featuredmedia":[{"embeddable":true,"href":"https:\/\/www.europesays.com\/fr\/wp-json\/wp\/v2\/media\/112602"}],"wp:attachment":[{"href":"https:\/\/www.europesays.com\/fr\/wp-json\/wp\/v2\/media?parent=112601"}],"wp:term":[{"taxonomy":"category","embeddable":true,"href":"https:\/\/www.europesays.com\/fr\/wp-json\/wp\/v2\/categories?post=112601"},{"taxonomy":"post_tag","embeddable":true,"href":"https:\/\/www.europesays.com\/fr\/wp-json\/wp\/v2\/tags?post=112601"}],"curies":[{"name":"wp","href":"https:\/\/api.w.org\/{rel}","templated":true}]}}