{"id":112603,"date":"2025-05-19T20:18:12","date_gmt":"2025-05-19T20:18:12","guid":{"rendered":"https:\/\/www.europesays.com\/fr\/112603\/"},"modified":"2025-05-19T20:18:12","modified_gmt":"2025-05-19T20:18:12","slug":"grenoble-nada-surf-de-retour-sur-scene","status":"publish","type":"post","link":"https:\/\/www.europesays.com\/fr\/112603\/","title":{"rendered":"Grenoble. Nada Surf de retour sur sc\u00e8ne"},"content":{"rendered":"<p>Depuis pr\u00e8s de 30 ans, Nada Surf fait partie de la bande-son de nos vies avec Let Go  en 2002, puis avec  The Weight Is a Gift en 2005. Il en va de m\u00eame pour les chansons de leurs albums The Proximity Effect , Lucky , The Stars Are Indifferent to Astronomy , et Never Not Together. En mati\u00e8re de power pop o\u00f9 les guitares alti\u00e8res et les refrains ent\u00eatants perp\u00e9tuent le meilleur de Nirvana, de Big Star et de Jason Falkner, le trio new yorkais Nada Surf est d\u2019une constance implacable et impeccable comme un ami de longue date \u00e0 qui l\u2019on reste fid\u00e8le \u00e9ternellement et vers lequel on revient toujours quels que soient les tourments de la vie. Moon Mirror , le nouvel album de Nada Surf, contient tout ce que les fans aiment et attendent d\u2019eux.<\/p>\n<p class=\"note\">Le 16\u00a0septembre \u00e0 20 heures \u00e0 La Belle \u00c9lectrique \u00e0 Grenoble. De 26 \u00e0 31\u00a0\u20ac.<\/p>\n","protected":false},"excerpt":{"rendered":"Depuis pr\u00e8s de 30 ans, Nada Surf fait partie de la bande-son de nos vies avec Let Go&hellip;\n","protected":false},"author":2,"featured_media":112604,"comment_status":"","ping_status":"","sticky":false,"template":"","format":"standard","meta":{"footnotes":""},"categories":[9566],"tags":[1111,11,2430,1687,112,1777,674,1011,27,2731,2732,108,12,25,3140],"class_list":{"0":"post-112603","1":"post","2":"type-post","3":"status-publish","4":"format-standard","5":"has-post-thumbnail","7":"category-grenoble","8":"tag-actu","9":"tag-actualites","10":"tag-auvergne-rhone-alpes","11":"tag-culture-loisirs","12":"tag-edition-grenoble-agglomeration","13":"tag-eu","14":"tag-europe","15":"tag-fr","16":"tag-france","17":"tag-grenoble","18":"tag-grenoble-bassin","19":"tag-isere","20":"tag-news","21":"tag-republique-francaise","22":"tag-spectacle"},"share_on_mastodon":{"url":"https:\/\/pubeurope.com\/@fr\/114536349954061169","error":""},"_links":{"self":[{"href":"https:\/\/www.europesays.com\/fr\/wp-json\/wp\/v2\/posts\/112603","targetHints":{"allow":["GET"]}}],"collection":[{"href":"https:\/\/www.europesays.com\/fr\/wp-json\/wp\/v2\/posts"}],"about":[{"href":"https:\/\/www.europesays.com\/fr\/wp-json\/wp\/v2\/types\/post"}],"author":[{"embeddable":true,"href":"https:\/\/www.europesays.com\/fr\/wp-json\/wp\/v2\/users\/2"}],"replies":[{"embeddable":true,"href":"https:\/\/www.europesays.com\/fr\/wp-json\/wp\/v2\/comments?post=112603"}],"version-history":[{"count":0,"href":"https:\/\/www.europesays.com\/fr\/wp-json\/wp\/v2\/posts\/112603\/revisions"}],"wp:featuredmedia":[{"embeddable":true,"href":"https:\/\/www.europesays.com\/fr\/wp-json\/wp\/v2\/media\/112604"}],"wp:attachment":[{"href":"https:\/\/www.europesays.com\/fr\/wp-json\/wp\/v2\/media?parent=112603"}],"wp:term":[{"taxonomy":"category","embeddable":true,"href":"https:\/\/www.europesays.com\/fr\/wp-json\/wp\/v2\/categories?post=112603"},{"taxonomy":"post_tag","embeddable":true,"href":"https:\/\/www.europesays.com\/fr\/wp-json\/wp\/v2\/tags?post=112603"}],"curies":[{"name":"wp","href":"https:\/\/api.w.org\/{rel}","templated":true}]}}