{"id":112605,"date":"2025-05-19T20:19:23","date_gmt":"2025-05-19T20:19:23","guid":{"rendered":"https:\/\/www.europesays.com\/fr\/112605\/"},"modified":"2025-05-19T20:19:23","modified_gmt":"2025-05-19T20:19:23","slug":"une-operation-escargot-en-cours-le-trafic-a-larret-des-kilometres-de-bouchons-se-forment","status":"publish","type":"post","link":"https:\/\/www.europesays.com\/fr\/112605\/","title":{"rendered":"une op\u00e9ration escargot en cours, le trafic \u00e0 l&rsquo;arr\u00eat, des kilom\u00e8tres de bouchons se forment"},"content":{"rendered":"<p>            Par<br \/>\n        <strong><br \/>\n            <a href=\"https:\/\/actu.fr\/auteur\/clemence-pays02-actu-fr\" title=\"Consulter tous les articles de Cl\u00e9mence Pays\" target=\"_blank\" rel=\"noopener\">Cl\u00e9mence Pays<\/a><br \/>\n        <\/strong><\/p>\n<p>        Publi\u00e9 le<\/p>\n<p>            19 mai 2025 \u00e0 19h12        <\/p>\n<p>La circulation est<strong> tr\u00e8s difficile<\/strong> sur la rocade de Rennes, ce lundi 19\u00a0mai 2025. Peu avant 19\u2009h, une <strong>op\u00e9ration escargot<\/strong> a d\u00e9but\u00e9 sur la <strong>N136, dans le sens ext\u00e9rieur,<\/strong> depuis la porte de Lorient vers la rocade sud.<\/p>\n<p class=\" wall-content\">Selon un t\u00e9moin, \u00e0 18\u2009h\u200950, <strong>le trafic \u00e9tait \u00ab\u2009\u00e0 l\u2019arr\u00eat\u2009\u00bb.<\/strong> Bison Fut\u00e9 et ViaMichelin confirment que la route est satur\u00e9e. Selon la Direction interd\u00e9partementale des routes ouest (DIR Ouest), \u00ab\u00a0environ 10 kilom\u00e8tres de bouchons\u00a0\u00bb \u00e9taient en cours, \u00e0 18 h 56.<\/p>\n<p>    <img   decoding=\"async\" loading=\"lazy\" src=\"https:\/\/www.europesays.com\/fr\/wp-content\/uploads\/2025\/05\/selon-les-donnees-relevees-en-direct-par-viamichelin-la-rocade-ouest-et-la-rocade-sud-de-rennes-sont.png\" alt=\"Selon les donn\u00e9es relev\u00e9es en direct par ViaMichelin, la rocade ouest et la rocade sud de Rennes sont satur\u00e9es, ce lundi 19 mai 2025, \u00e0 18 h 55.\" width=\"960\" height=\"640\"\/><br \/>\n    Selon les donn\u00e9es relev\u00e9es en direct par ViaMichelin, la rocade ouest et la rocade sud de Rennes sont satur\u00e9es, ce lundi 19\u00a0mai 2025, \u00e0 18\u2009h\u200955. (\u00a9Capture d\u2019\u00e9cran ViaMichelin.)Une manifestation des taxis<\/p>\n<p class=\" wall-content\">Ces ralentissements importants sont dus \u00e0 une <strong>manifestation des chauffeurs de taxi.<\/strong> <a href=\"https:\/\/actu.fr\/societe\/operations-escargot-barrages-blocages-les-taxis-en-colere-se-mobilisent-partout-en-france-ce-lundi_62652376.html\" target=\"_blank\" rel=\"noopener\">Un appel avait \u00e9t\u00e9 lanc\u00e9 d\u00e9but mai par la F\u00e9d\u00e9ration nationale des artisans du taxi pour que la profession se mobilise au niveau national<\/a> pour \u00ab\u2009d\u00e9fendre les int\u00e9r\u00eats collectifs de la profession face aux \u00e9volutions en cours\u2009\u00bb. Une r\u00e9action au <strong>projet de nouvelle tarification<\/strong> qui va s\u2019appliquer aux transports de malade en taxis conventionn\u00e9s, port\u00e9 par l\u2019Assurance maladie.<\/p>\n<p class=\" wall-content\"><a href=\"https:\/\/www.instagram.com\/p\/DJ1iUPfssGJ\/embed\" title=\"Ouvrir le lien sur Instagram\" target=\"_blank\" rel=\"noopener\">Visualiser le contenu sur Instagram<\/a><\/p>\n<p class=\" wall-content\">\u00c0 Rennes, les chauffeurs de taxi se sont retrouv\u00e9s <strong>place de la gare d\u00e8s 8\u2009h<\/strong>. Dans l\u2019apr\u00e8s-midi, une<strong> trentaine de v\u00e9hicules<\/strong> est rest\u00e9e stationner place de la R\u00e9publique. L\u2019op\u00e9ration se poursuit donc d\u00e9sormais sur la rocade rennaise.<\/p>\n<p>Vid\u00e9os : en ce moment sur Actu<\/p>\n<p class=\" wall-content\">Suivez toute l\u2019actualit\u00e9 de vos villes et m\u00e9dias favoris en vous inscrivant \u00e0 <a href=\"https:\/\/moncompte.actu.fr\" title=\"D\u00e9couvez Mon Actu\" rel=\"nofollow noopener\" data-trk=\"{&quot;cta&quot;:{&quot;action&quot;:&quot;https:\\\/\\\/moncompte.actu.fr&quot;,&quot;category&quot;:&quot;mon compte&quot;,&quot;from&quot;:&quot;article footer&quot;,&quot;name&quot;:&quot;Mon actu&quot;,&quot;type&quot;:&quot;cta&quot;}}\" target=\"_blank\">Mon Actu<\/a>.<\/p>\n<ul class=\"ac-article-tag wall-content\">\n<li><a href=\"https:\/\/actu.fr\/tag\/info-trafic\" data-trk=\"{&quot;cta&quot;:{&quot;action&quot;:&quot;Info trafic&quot;,&quot;category&quot;:&quot;tag&quot;,&quot;from&quot;:&quot;article footer&quot;,&quot;name&quot;:&quot;Info trafic&quot;,&quot;type&quot;:&quot;cta&quot;}}\" target=\"_blank\" rel=\"noopener\">#Info trafic<\/a><\/li>\n<li><a href=\"https:\/\/actu.fr\/tag\/manifestations\" data-trk=\"{&quot;cta&quot;:{&quot;action&quot;:&quot;Manifestations&quot;,&quot;category&quot;:&quot;tag&quot;,&quot;from&quot;:&quot;article footer&quot;,&quot;name&quot;:&quot;Manifestations&quot;,&quot;type&quot;:&quot;cta&quot;}}\" target=\"_blank\" rel=\"noopener\">#Manifestations<\/a><\/li>\n<\/ul>\n<p>                    <script async src=\"\/\/www.instagram.com\/embed.js\"><\/script><\/p>\n","protected":false},"excerpt":{"rendered":"Par Cl\u00e9mence Pays Publi\u00e9 le 19 mai 2025 \u00e0 19h12 La circulation est tr\u00e8s difficile sur la rocade&hellip;\n","protected":false},"author":2,"featured_media":112606,"comment_status":"","ping_status":"","sticky":false,"template":"","format":"standard","meta":{"footnotes":""},"categories":[2821],"tags":[1111,11,829,1777,674,118,1011,27,803,1272,12,584,25],"class_list":{"0":"post-112605","1":"post","2":"type-post","3":"status-publish","4":"format-standard","5":"has-post-thumbnail","7":"category-rennes","8":"tag-actu","9":"tag-actualites","10":"tag-bretagne","11":"tag-eu","12":"tag-europe","13":"tag-faits-divers","14":"tag-fr","15":"tag-france","16":"tag-info-trafic","17":"tag-manifestations","18":"tag-news","19":"tag-rennes","20":"tag-republique-francaise"},"share_on_mastodon":{"url":"https:\/\/pubeurope.com\/@fr\/114536353856384157","error":""},"_links":{"self":[{"href":"https:\/\/www.europesays.com\/fr\/wp-json\/wp\/v2\/posts\/112605","targetHints":{"allow":["GET"]}}],"collection":[{"href":"https:\/\/www.europesays.com\/fr\/wp-json\/wp\/v2\/posts"}],"about":[{"href":"https:\/\/www.europesays.com\/fr\/wp-json\/wp\/v2\/types\/post"}],"author":[{"embeddable":true,"href":"https:\/\/www.europesays.com\/fr\/wp-json\/wp\/v2\/users\/2"}],"replies":[{"embeddable":true,"href":"https:\/\/www.europesays.com\/fr\/wp-json\/wp\/v2\/comments?post=112605"}],"version-history":[{"count":0,"href":"https:\/\/www.europesays.com\/fr\/wp-json\/wp\/v2\/posts\/112605\/revisions"}],"wp:featuredmedia":[{"embeddable":true,"href":"https:\/\/www.europesays.com\/fr\/wp-json\/wp\/v2\/media\/112606"}],"wp:attachment":[{"href":"https:\/\/www.europesays.com\/fr\/wp-json\/wp\/v2\/media?parent=112605"}],"wp:term":[{"taxonomy":"category","embeddable":true,"href":"https:\/\/www.europesays.com\/fr\/wp-json\/wp\/v2\/categories?post=112605"},{"taxonomy":"post_tag","embeddable":true,"href":"https:\/\/www.europesays.com\/fr\/wp-json\/wp\/v2\/tags?post=112605"}],"curies":[{"name":"wp","href":"https:\/\/api.w.org\/{rel}","templated":true}]}}