{"id":112611,"date":"2025-05-19T20:22:13","date_gmt":"2025-05-19T20:22:13","guid":{"rendered":"https:\/\/www.europesays.com\/fr\/112611\/"},"modified":"2025-05-19T20:22:13","modified_gmt":"2025-05-19T20:22:13","slug":"tennis-internationaux-wta-de-strasbourg-cetait-le-raducanu-express","status":"publish","type":"post","link":"https:\/\/www.europesays.com\/fr\/112611\/","title":{"rendered":"Tennis. Internationaux WTA de Strasbourg : c\u2019\u00e9tait le Raducanu express\u00a0!"},"content":{"rendered":"<p>On appelle cela un match \u00ab\u00a0pop-corn\u00a0\u00bb\u00a0: on s\u2019installe confortablement pour le suivre en \u00e9tant assur\u00e9 d\u2019assister \u00e0 un bon moment sportif entre deux joueuses dont l\u2019aura va bien au-del\u00e0 du court.<\/p>\n<p>De part et d\u2019autre du filet, ce lundi sous un chouette soleil de fin d\u2019apr\u00e8s-midi, se trouvent deux joueuses \u00ab\u00a0bankable\u00a0\u00bb qui se distinguent par leur personnalit\u00e9, leurs prises de position et leur succ\u00e8s aupr\u00e8s des fans de tennis.<\/p>\n<p>Si Raducanu (22 ans) n\u2019a qu\u2019un seul titre \u00e0 son actif (Kasatkina en a d\u00e9j\u00e0 gagn\u00e9 huit), elle avait crev\u00e9 l\u2019\u00e9cran en 2021 en devenant la premi\u00e8re joueuse issue des qualifications \u00e0 remporter l\u2019US Open, d\u00e9crochant un record de points (2040) et de gain financier. Pesant 2,6\u00a0millions de followers sur son compte&#8230;<\/p>\n","protected":false},"excerpt":{"rendered":"On appelle cela un match \u00ab\u00a0pop-corn\u00a0\u00bb\u00a0: on s\u2019installe confortablement pour le suivre en \u00e9tant assur\u00e9 d\u2019assister \u00e0 un&hellip;\n","protected":false},"author":2,"featured_media":112612,"comment_status":"","ping_status":"","sticky":false,"template":"","format":"standard","meta":{"footnotes":""},"categories":[2820],"tags":[1111,11,2880,1777,674,1011,27,775,16055,12,25,517,640,2879,1467],"class_list":{"0":"post-112611","1":"post","2":"type-post","3":"status-publish","4":"format-standard","5":"has-post-thumbnail","7":"category-strasbourg","8":"tag-actu","9":"tag-actualites","10":"tag-edition-strasbourg","11":"tag-eu","12":"tag-europe","13":"tag-fr","14":"tag-france","15":"tag-grand-est","16":"tag-internationaux-de-strasbourg","17":"tag-news","18":"tag-republique-francaise","19":"tag-sport","20":"tag-strasbourg","21":"tag-strasbourg-ville","22":"tag-tennis"},"share_on_mastodon":{"url":"https:\/\/pubeurope.com\/@fr\/114536365690060891","error":""},"_links":{"self":[{"href":"https:\/\/www.europesays.com\/fr\/wp-json\/wp\/v2\/posts\/112611","targetHints":{"allow":["GET"]}}],"collection":[{"href":"https:\/\/www.europesays.com\/fr\/wp-json\/wp\/v2\/posts"}],"about":[{"href":"https:\/\/www.europesays.com\/fr\/wp-json\/wp\/v2\/types\/post"}],"author":[{"embeddable":true,"href":"https:\/\/www.europesays.com\/fr\/wp-json\/wp\/v2\/users\/2"}],"replies":[{"embeddable":true,"href":"https:\/\/www.europesays.com\/fr\/wp-json\/wp\/v2\/comments?post=112611"}],"version-history":[{"count":0,"href":"https:\/\/www.europesays.com\/fr\/wp-json\/wp\/v2\/posts\/112611\/revisions"}],"wp:featuredmedia":[{"embeddable":true,"href":"https:\/\/www.europesays.com\/fr\/wp-json\/wp\/v2\/media\/112612"}],"wp:attachment":[{"href":"https:\/\/www.europesays.com\/fr\/wp-json\/wp\/v2\/media?parent=112611"}],"wp:term":[{"taxonomy":"category","embeddable":true,"href":"https:\/\/www.europesays.com\/fr\/wp-json\/wp\/v2\/categories?post=112611"},{"taxonomy":"post_tag","embeddable":true,"href":"https:\/\/www.europesays.com\/fr\/wp-json\/wp\/v2\/tags?post=112611"}],"curies":[{"name":"wp","href":"https:\/\/api.w.org\/{rel}","templated":true}]}}