{"id":1126133,"date":"2026-08-14T10:08:18","date_gmt":"2026-08-14T10:08:18","guid":{"rendered":"https:\/\/www.europesays.com\/fr\/1126133\/"},"modified":"2026-08-14T10:08:18","modified_gmt":"2026-08-14T10:08:18","slug":"cest-un-de-nos-plus-gros-sauvetages-84-chiens-maltraites-saisis-dans-un-elevage-louche-en-isere","status":"publish","type":"post","link":"https:\/\/www.europesays.com\/fr\/1126133\/","title":{"rendered":"\u00ab\u00a0C&rsquo;est un de nos plus gros sauvetages\u00a0\u00bb : 84 chiens maltrait\u00e9s saisis dans un \u00e9levage louche en Is\u00e8re"},"content":{"rendered":"<p>                    Par<br \/>\n        <strong><br \/>\n            <a href=\"https:\/\/actu.fr\/auteur\/lisa-rodrigues\" title=\"Consulter tous les articles de Lisa Rodrigues\" rel=\"nofollow noopener\" target=\"_blank\">Lisa Rodrigues<\/a><br \/>\n                    <\/strong><\/p>\n<p>        Publi\u00e9 le<\/p>\n<p>            14 ao\u00fbt 2026 \u00e0 11h46        <\/p>\n<p>C\u2019est une association de protection animale pr\u00e8s de <a href=\"https:\/\/actu.fr\/auvergne-rhone-alpes\/grenoble_38185\" rel=\"nofollow noopener\" target=\"_blank\">Grenoble<\/a> qui a annonc\u00e9 la prise en charge de plusieurs chiens en cette mi-ao\u00fbt. Des animaux issus <strong>d\u2019un sauvetage XXL<\/strong>, coordonn\u00e9 par la DDPP (Direction d\u00e9partementale de la protection des populations) de <a href=\"https:\/\/actu.fr\/auvergne-rhone-alpes\/isere_38\" rel=\"nofollow noopener\" target=\"_blank\">l\u2019Is\u00e8re<\/a> et qui a mobilis\u00e9 plusieurs associations et refuges de la r\u00e9gion Auvergne-Rh\u00f4ne-Alpes, sous l\u2019\u00e9gide de la CNDA (Conf\u00e9d\u00e9ration nationale D\u00e9fense de l\u2019animal).<br \/>\u00ab\u00a0Il s\u2019agit d\u2019une saisie judiciaire\u00a0\u00bb demand\u00e9e par la DDPP \u00e0 l\u2019encontre d\u2019un \u00ab\u00a0pseudo-\u00e9levage\u00a0\u00bb de bergers australiens en Is\u00e8re, explique Bruno Navarro, d\u00e9l\u00e9gu\u00e9 g\u00e9n\u00e9ral de la CNDA. \u00ab\u00a0En arrivant sur place, on s\u2019est rendu compte qu\u2019au-del\u00e0 des 30 chiens annonc\u00e9s, il y en avait au moins 30 autres.\u00a0\u00bb Au final, <strong>84 toutous ont \u00e9t\u00e9 sauv\u00e9s et pris en charge.<\/strong><\/p>\n<p>\u00ab\u00a0Certains n\u2019ont quasiment jamais vu la lumi\u00e8re du jour\u00a0\u00bb<\/p>\n<p class=\" wall-content\">D\u2019apr\u00e8s les associations, les chiens vivaient dans des conditions \u00e9pouvantables. \u00ab\u00a0Certains \u00e9taient dans des conditions telles qu\u2019ils ne connaissent pas l\u2019Homme, soupire Bruno Navarro. D\u2019autres \u00e9taient tr\u00e8s mal en point, certains n\u2019ont quasiment jamais vu la lumi\u00e8re du jour.\u00a0\u00bb\u00a0<\/p>\n<p><a class=\"jo-module-caroussel__img-container\" href=\"https:\/\/static.actu.fr\/uploads\/2026\/08\/chiens-saisis-isere-elevage.jpg\" title=\"Agrandir la photo Environ 84 chiens de type berger australien ont \u00e9t\u00e9 sauv\u00e9s d\u2019un \u00e9levage en Is\u00e8re. (\u00a9 Photo remise \u00e0 actu Grenoble \/ CNDA)\" data-idx=\"1\" rel=\"nofollow noopener\" target=\"_blank\"><br \/>\n    <img decoding=\"async\" class=\"jo-module-caroussel__img\" loading=\"lazy\" src=\"https:\/\/www.europesays.com\/fr\/wp-content\/uploads\/2026\/08\/chiens-saisis-isere-elevage-640x427.jpg\" alt=\"Environ 84 chiens de type berger australien ont \u00e9t\u00e9 sauv\u00e9s d\u2019un \u00e9levage en Is\u00e8re. (\u00a9 Photo remise \u00e0 actu Grenoble \/ CNDA)\" width=\"640\" height=\"427\"\/><\/a><a class=\"jo-module-caroussel__img-container\" href=\"https:\/\/static.actu.fr\/uploads\/2026\/08\/chiens-saisis-isere.jpg\" title=\"Agrandir la photo Environ 84 chiens de type berger australien ont \u00e9t\u00e9 sauv\u00e9s d\u2019un \u00e9levage en Is\u00e8re. Une partie des toutous n\u2019\u00e9tait pas habitu\u00e9e au contact de l\u2019Homme. (\u00a9 Photo remise \u00e0 actu Grenoble \/ CNDA)\" data-idx=\"2\" rel=\"nofollow noopener\" target=\"_blank\"><br \/>\n    <img decoding=\"async\" class=\"jo-module-caroussel__img\" loading=\"lazy\" src=\"https:\/\/www.europesays.com\/fr\/wp-content\/uploads\/2026\/08\/chiens-saisis-isere-640x427.jpg\" alt=\"Environ 84 chiens de type berger australien ont \u00e9t\u00e9 sauv\u00e9s d\u2019un \u00e9levage en Is\u00e8re. Une partie des toutous n\u2019\u00e9tait pas habitu\u00e9e au contact de l\u2019Homme. (\u00a9 Photo remise \u00e0 actu Grenoble \/ CNDA)\" width=\"640\" height=\"427\"\/><\/a><\/p>\n<p class=\" wall-content\">Le sauvetage a d\u00fb se faire rapidement et <a href=\"https:\/\/actu.fr\/auvergne-rhone-alpes\/grenoble_38185\/deja-la-5e-canicule-de-l-ete-a-grenoble-et-en-isere-quand-va-arriver-le-pic-de-chaleur_64645427.html\" rel=\"nofollow noopener\" target=\"_blank\">sous canicule<\/a>, pour pr\u00e9server au maximum la sant\u00e9 des chiens. Parmi les bergers australiens pris en charge, <strong>un certain nombre de chiots et de femelles gestantes<\/strong> ont aussi \u00e9t\u00e9 sauv\u00e9s. Une port\u00e9e a d\u2019ailleurs atterri dans le refuge is\u00e9rois affili\u00e9 \u00e0 la CNDA (les chiots ne peuvent pas encore \u00eatre adopt\u00e9s).\u00a0<\/p>\n<p>    <img   decoding=\"async\" loading=\"lazy\" src=\"https:\/\/www.europesays.com\/fr\/wp-content\/uploads\/2026\/08\/chiens-saisis-isere-portee-960x640.jpg\" alt=\"Environ 84 chiens de type berger australien ont \u00e9t\u00e9 sauv\u00e9s d'un \u00e9levage en Is\u00e8re. Parmi les animaux, plusieurs port\u00e9es de chiots et de femelles gestantes.\" width=\"960\" height=\"640\"\/><br \/>\n    Parmi les animaux sauv\u00e9s, plusieurs port\u00e9es de chiots et des femelles gestantes. (\u00a9Photo remise \u00e0 actu Grenoble \/ CNDA)<\/p>\n<p class=\" wall-content\">\u00ab\u00a0C\u2019est un de nos plus gros sauvetages, reconna\u00eet Bruno Navarro. On aimerait ne pas y \u00eatre habitu\u00e9\u2026\u00a0\u00bb\u00a0<\/p>\n<p>Les chiens ne pourront pas \u00eatre adopt\u00e9s tout de suite<\/p>\n<p class=\" wall-content\">Les refuges ayant accueilli les bergers australiens saisis ont pour beaucoup d\u00fb pousser les murs, alors que l\u2019\u00e9t\u00e9 est, malheureusement,<a href=\"https:\/\/actu.fr\/societe\/abandon-de-chiens-et-de-chats-pourquoi-pres-de-40-000-animaux-ont-ete-refuses-dans-les-refuges-en-2024_63183552.html\" rel=\"nofollow noopener\" target=\"_blank\"> traditionnellement propice \u00e0 une hausse des abandons<\/a>.<\/p>\n<p class=\" wall-content\">Mais tous les chiens ont trouv\u00e9 une place et ont commenc\u00e9 \u00e0 \u00eatre approch\u00e9s en douceur. \u00ab\u00a0On a des chiens qui ont besoin de soins dentaires. Beaucoup ne devaient pas \u00eatre bross\u00e9s tr\u00e8s souvent : \u00e7a leur fait comme des dreadlocks dans leur pelage et ce n\u2019est pas bon pour eux.\u00a0\u00bb\u00a0<\/p>\n<p class=\" wall-content\">Avant d\u2019esp\u00e9rer, \u00e0 plus ou moins long terme, pouvoir leur trouver une famille. \u00ab\u00a0D\u2019exp\u00e9rience, on arrive dans une tr\u00e8s grande majorit\u00e9 des cas \u00e0 faire retrouver \u00e0 ces chiens une vie normale. Nous travaillons avec des \u00e9ducateurs et il y a aussi beaucoup d\u2019implication de la part de nos refuges.\u00a0\u00bb\u00a0<\/p>\n<p class=\" wall-content\">L\u2019association travaille aussi sur les suites \u00e0 donner \u00e0 cette saisie. \u00ab\u00a0Notre pr\u00e9sidente, Sabine Fghou, a cr\u00e9\u00e9 un service juridique pour que, d\u00e8s lors que la CNDA a connaissance d\u2019une quelconque maltraitance, on puisse se porter partie civile\u00a0\u00bb, indique Bruno Navarro.\u00a0<\/p>\n<p class=\" wall-content\">Personnalisez votre actualit\u00e9 en ajoutant vos villes et m\u00e9dias en favori avec <a href=\"https:\/\/moncompte.actu.fr\" title=\"D\u00e9couvez Mon Actu\" rel=\"nofollow noopener\" data-trk=\"{&quot;cta&quot;:{&quot;action&quot;:&quot;https:\\\/\\\/moncompte.actu.fr&quot;,&quot;category&quot;:&quot;mon compte&quot;,&quot;from&quot;:&quot;article footer&quot;,&quot;name&quot;:&quot;Mon actu&quot;,&quot;type&quot;:&quot;cta&quot;}}\" target=\"_blank\">Mon Actu<\/a>.<\/p>\n","protected":false},"excerpt":{"rendered":"Par Lisa Rodrigues Publi\u00e9 le 14 ao\u00fbt 2026 \u00e0 11h46 C\u2019est une association de protection animale pr\u00e8s de&hellip;\n","protected":false},"author":2,"featured_media":1126134,"comment_status":"","ping_status":"","sticky":false,"template":"","format":"standard","meta":{"footnotes":"","_share_on_mastodon":"0"},"categories":[9566],"tags":[1111,11,1867,2430,1777,674,1011,27,2731,6795,12,25,104],"class_list":["post-1126133","post","type-post","status-publish","format-standard","has-post-thumbnail","category-grenoble","tag-actu","tag-actualites","tag-animaux","tag-auvergne-rhone-alpes","tag-eu","tag-europe","tag-fr","tag-france","tag-grenoble","tag-maltraitance-animale","tag-news","tag-republique-francaise","tag-societe"],"share_on_mastodon":{"url":"https:\/\/pubeurope.com\/@fr\/117093317353992032","error":""},"_links":{"self":[{"href":"https:\/\/www.europesays.com\/fr\/wp-json\/wp\/v2\/posts\/1126133","targetHints":{"allow":["GET"]}}],"collection":[{"href":"https:\/\/www.europesays.com\/fr\/wp-json\/wp\/v2\/posts"}],"about":[{"href":"https:\/\/www.europesays.com\/fr\/wp-json\/wp\/v2\/types\/post"}],"author":[{"embeddable":true,"href":"https:\/\/www.europesays.com\/fr\/wp-json\/wp\/v2\/users\/2"}],"replies":[{"embeddable":true,"href":"https:\/\/www.europesays.com\/fr\/wp-json\/wp\/v2\/comments?post=1126133"}],"version-history":[{"count":0,"href":"https:\/\/www.europesays.com\/fr\/wp-json\/wp\/v2\/posts\/1126133\/revisions"}],"wp:featuredmedia":[{"embeddable":true,"href":"https:\/\/www.europesays.com\/fr\/wp-json\/wp\/v2\/media\/1126134"}],"wp:attachment":[{"href":"https:\/\/www.europesays.com\/fr\/wp-json\/wp\/v2\/media?parent=1126133"}],"wp:term":[{"taxonomy":"category","embeddable":true,"href":"https:\/\/www.europesays.com\/fr\/wp-json\/wp\/v2\/categories?post=1126133"},{"taxonomy":"post_tag","embeddable":true,"href":"https:\/\/www.europesays.com\/fr\/wp-json\/wp\/v2\/tags?post=1126133"}],"curies":[{"name":"wp","href":"https:\/\/api.w.org\/{rel}","templated":true}]}}