{"id":1126181,"date":"2026-08-14T10:35:21","date_gmt":"2026-08-14T10:35:21","guid":{"rendered":"https:\/\/www.europesays.com\/fr\/1126181\/"},"modified":"2026-08-14T10:35:21","modified_gmt":"2026-08-14T10:35:21","slug":"des-drones-russes-tuent-une-femme-et-son-fils-de-neuf-ans-chez-eux-en-ukraine","status":"publish","type":"post","link":"https:\/\/www.europesays.com\/fr\/1126181\/","title":{"rendered":"Des drones russes tuent une femme et son fils de neuf ans, chez eux, en Ukraine"},"content":{"rendered":"<p>Des drones russes \u00e0 r\u00e9action ont frapp\u00e9 vendredi une maison dans le nord de l\u2019Ukraine, tuant une femme de 29\u00a0ans et son fils de 9\u00a0ans, ont indiqu\u00e9 les autorit\u00e9s locales.<\/p>\n<p>Cette frappe russe dans la r\u00e9gion de Soumy a \u00e9galement fait quatre bless\u00e9s, dont le p\u00e8re et la grand-m\u00e8re du gar\u00e7on d\u00e9c\u00e9d\u00e9, qui ont \u00e9t\u00e9 hospitalis\u00e9s pour des br\u00fblures graves, a indiqu\u00e9 le chef de l\u2019administration militaire r\u00e9gionale, Oleg Hryhorov.<\/p>\n<p>La veille, les Nations unies avaient fait savoir que le mois de juillet avait \u00e9t\u00e9 le plus meurtrier pour les civils ukrainiens depuis les semaines qui avaient suivi le d\u00e9but de l\u2019invasion \u00e0 grande \u00e9chelle de l\u2019Ukraine par la Russie, il y a plus de quatre ans.<\/p>\n<p>Au moins 437\u00a0civils ont \u00e9t\u00e9 tu\u00e9s et 2610 autres ont \u00e9t\u00e9 bless\u00e9s le mois dernier, a indiqu\u00e9 la mission d\u2019observation de l\u2019ONU \u00e0 Kyiv, alors que la Russie intensifiait ses bombardements sur les villes ukrainiennes.<\/p>\n<p>Au total, depuis le 24\u00a0f\u00e9vrier\u00a02022, les observateurs des droits de la personne de l\u2019ONU estiment que la guerre a fait au moins 16\u00a0874\u00a0morts parmi les civils, dont 820\u00a0enfants, et 51\u00a0273\u00a0bless\u00e9s, dont 3126 enfants.<\/p>\n<p>\u00abChaque mois de cette ann\u00e9e, le nombre de civils tu\u00e9s et bless\u00e9s a augment\u00e9. Cette tendance s\u2019est fortement acc\u00e9l\u00e9r\u00e9e en juillet\u00bb, a pr\u00e9venu Danielle Bell, cheffe de la Mission de surveillance des droits de l\u2019homme de l\u2019ONU en Ukraine.<\/p>\n<p>\u00abLe nombre de victimes civiles en juillet a \u00e9t\u00e9 le plus \u00e9lev\u00e9 que nous ayons enregistr\u00e9 en un seul mois depuis mars\u00a02022\u00bb, a-t-elle pr\u00e9cis\u00e9.<\/p>\n<p><b>Bombes planantes<\/b><\/p>\n<p>Dans la r\u00e9gion de Donetsk, dans l\u2019est de l\u2019Ukraine, une bombe planante russe a d\u00e9truit 6\u00a0\u00e9tages d\u2019un immeuble qui en compte 10, tuant une personne et en blessant 16\u00a0autres, a rapport\u00e9 le pr\u00e9sident ukrainien, Volodymyr Zelensky.<\/p>\n<p>La Russie lance chaque jour environ 220\u00a0bombes planantes contre des localit\u00e9s situ\u00e9es pr\u00e8s de la ligne de front dans l\u2019est et le sud de l\u2019Ukraine, a soulign\u00e9 M.\u00a0Zelensky vendredi sur les r\u00e9seaux sociaux.<\/p>\n<p>Les forces russes an\u00e9antissent les localit\u00e9s \u00e0 coups de bombes planantes de 3000 livres, d\u2019artillerie, de missiles et de drones, puis envoient des unit\u00e9s d\u2019infanterie pour attaquer les d\u00e9fenseurs expos\u00e9s. Cette tactique a rendu de nombreuses villes et villages inhabitables.<\/p>\n<p>Au total, la Russie a attaqu\u00e9 12\u00a0r\u00e9gions ukrainiennes pendant la nuit, blessant des dizaines de personnes, a d\u00e9nonc\u00e9 le pr\u00e9sident Zelensky.<\/p>\n<p><b>L\u2019Ukraine cible un grand port<\/b><\/p>\n<p>Les forces ukrainiennes, quant \u00e0 elles, ont \u00e9tendu leur campagne de frappes \u00e0 longue port\u00e9e contre les infrastructures russes.<\/p>\n<p>Elles ont touch\u00e9 le port d\u2019Oust-Louga, dans la r\u00e9gion de Leningrad, au nord de Moscou, et provoquant un bref incendie, a signal\u00e9 le gouverneur de la r\u00e9gion, Alexandre Drozdenko.<\/p>\n<p>Ust-Luga est l\u2019un des plus grands terminaux d\u2019exportation de p\u00e9trole et de gaz de Russie, situ\u00e9 \u00e0 plus de 800\u00a0kilom\u00e8tres de l\u2019Ukraine.<\/p>\n<p>Il a \u00e9t\u00e9 la cible fr\u00e9quente d\u2019attaques de drones ukrainiens cet \u00e9t\u00e9, Kyiv cherchant \u00e0 discr\u00e9diter les exportations de p\u00e9trole russes qui fournissent \u00e0 Moscou des revenus vitaux pour son effort de guerre.<\/p>\n<p>L\u2019Ukraine a \u00e9galement lanc\u00e9 une autre attaque contre les locaux de Wildberries, le plus grand d\u00e9taillant en ligne de Russie, qui, selon Kyiv, contribue \u00e0 approvisionner l\u2019arm\u00e9e russe.<\/p>\n<p>L\u2019attaque a endommag\u00e9 un mur d\u2019un entrep\u00f4t de Wildberries dans la r\u00e9gion de Tver, au nord de Moscou, selon le gouverneur par int\u00e9rim de la r\u00e9gion, Vitaly Korolyov.<\/p>\n<p>Wildberries a fait \u00e9tat de \u00abd\u00e9g\u00e2ts insignifiants\u00bb et a pr\u00e9cis\u00e9 que les marchandises stock\u00e9es sur le site n\u2019avaient pas \u00e9t\u00e9 endommag\u00e9es.<\/p>\n<p>Le minist\u00e8re russe de la D\u00e9fense a indiqu\u00e9 vendredi que ses d\u00e9fenses a\u00e9riennes avaient intercept\u00e9, pendant la nuit, 553\u00a0drones ukrainiens au-dessus de 18\u00a0r\u00e9gions russes, ainsi que dans la Crim\u00e9e occup\u00e9e et dans les eaux de la mer d\u2019Azov et de la mer Noire.<\/p>\n<p><b>Un drone abattu au-dessus de la Lettonie<\/b><\/p>\n<p>Des avions de chasse de l\u2019OTAN ont abattu un drone qui avait p\u00e9n\u00e9tr\u00e9 dans l\u2019espace a\u00e9rien letton aux premi\u00e8res heures de vendredi, ont indiqu\u00e9 l\u2019arm\u00e9e lettonne et un responsable de l\u2019alliance militaire.<\/p>\n<p>Les autorit\u00e9s lettonnes n\u2019ont pas pr\u00e9cis\u00e9 l\u2019origine du drone, mais ont indiqu\u00e9 qu\u2019il avait p\u00e9n\u00e9tr\u00e9 en Lettonie \u00ab\u00e0 la suite d\u2019une guerre \u00e9lectromagn\u00e9tique men\u00e9e par la Russie\u00bb.<\/p>\n<p>Plusieurs drones avaient d\u00e9j\u00e0 franchi la fronti\u00e8re pour p\u00e9n\u00e9trer en Lettonie. La plupart d\u2019entre eux seraient des drones ukrainiens qui se seraient \u00e9gar\u00e9s en raison des brouillages \u00e9lectroniques russes.<\/p>\n<p>Deux avions de combat italiens Eurofighter ont \u00e9t\u00e9 d\u00e9p\u00each\u00e9s pour intercepter le drone et l\u2019un d\u2019entre eux l\u2019a abattu, a pr\u00e9cis\u00e9 la porte-parole de l\u2019OTAN, Allison Hart.<\/p>\n<p>Deux avions de chasse turcs ont \u00e9galement \u00e9t\u00e9 d\u00e9ploy\u00e9s, a-t-elle ajout\u00e9.<\/p>\n<p>Les habitants de cinq communes de l\u2019est de la Lettonie ont \u00e9t\u00e9 avertis de la menace pesant sur l\u2019espace a\u00e9rien et ont \u00e9t\u00e9 invit\u00e9s \u00e0 se mettre \u00e0 l\u2019abri.<\/p>\n","protected":false},"excerpt":{"rendered":"Des drones russes \u00e0 r\u00e9action ont frapp\u00e9 vendredi une maison dans le nord de l\u2019Ukraine, tuant une femme&hellip;\n","protected":false},"author":2,"featured_media":1126182,"comment_status":"","ping_status":"","sticky":false,"template":"","format":"standard","meta":{"footnotes":"","_share_on_mastodon":"0"},"categories":[1591],"tags":[11,1887,1854,12,1885,1886,132],"class_list":["post-1126181","post","type-post","status-publish","format-standard","has-post-thumbnail","category-russie","tag-actualites","tag-federation-de-russie","tag-https-lactualite-com-sujet-international","tag-news","tag-russia","tag-russian-federation","tag-russie"],"share_on_mastodon":{"url":"https:\/\/pubeurope.com\/@fr\/117093422052274367","error":""},"_links":{"self":[{"href":"https:\/\/www.europesays.com\/fr\/wp-json\/wp\/v2\/posts\/1126181","targetHints":{"allow":["GET"]}}],"collection":[{"href":"https:\/\/www.europesays.com\/fr\/wp-json\/wp\/v2\/posts"}],"about":[{"href":"https:\/\/www.europesays.com\/fr\/wp-json\/wp\/v2\/types\/post"}],"author":[{"embeddable":true,"href":"https:\/\/www.europesays.com\/fr\/wp-json\/wp\/v2\/users\/2"}],"replies":[{"embeddable":true,"href":"https:\/\/www.europesays.com\/fr\/wp-json\/wp\/v2\/comments?post=1126181"}],"version-history":[{"count":0,"href":"https:\/\/www.europesays.com\/fr\/wp-json\/wp\/v2\/posts\/1126181\/revisions"}],"wp:featuredmedia":[{"embeddable":true,"href":"https:\/\/www.europesays.com\/fr\/wp-json\/wp\/v2\/media\/1126182"}],"wp:attachment":[{"href":"https:\/\/www.europesays.com\/fr\/wp-json\/wp\/v2\/media?parent=1126181"}],"wp:term":[{"taxonomy":"category","embeddable":true,"href":"https:\/\/www.europesays.com\/fr\/wp-json\/wp\/v2\/categories?post=1126181"},{"taxonomy":"post_tag","embeddable":true,"href":"https:\/\/www.europesays.com\/fr\/wp-json\/wp\/v2\/tags?post=1126181"}],"curies":[{"name":"wp","href":"https:\/\/api.w.org\/{rel}","templated":true}]}}