{"id":112621,"date":"2025-05-19T20:27:10","date_gmt":"2025-05-19T20:27:10","guid":{"rendered":"https:\/\/www.europesays.com\/fr\/112621\/"},"modified":"2025-05-19T20:27:10","modified_gmt":"2025-05-19T20:27:10","slug":"blesse-dans-un-choc-frontal-entre-deux-voitures-un-homme-heliporte-a-lhopital-de-bordeaux","status":"publish","type":"post","link":"https:\/\/www.europesays.com\/fr\/112621\/","title":{"rendered":"Bless\u00e9 dans un choc frontal entre deux voitures, un homme h\u00e9liport\u00e9 \u00e0 l&rsquo;h\u00f4pital de Bordeaux"},"content":{"rendered":"<p>            Par<br \/>\n        <strong><br \/>\n            <a href=\"https:\/\/actu.fr\/auteur\/juliette-cardinale\" title=\"Consulter tous les articles de Juliette Cardinale\" rel=\"nofollow noopener\" target=\"_blank\">Juliette Cardinale<\/a><br \/>\n        <\/strong><\/p>\n<p>        Publi\u00e9 le<\/p>\n<p>            19 mai 2025 \u00e0 18h58        <\/p>\n<p><a href=\"https:\/\/actu.fr\/nouvelle-aquitaine\/gaillan-en-medoc_33177\/un-jeune-homme-se-tue-sur-la-route-en-gironde-le-deuxieme-accident-mortel-ce-soir-la_62654162.html\" rel=\"nofollow noopener\" target=\"_blank\">Nouvel accident dans le M\u00e9doc.<\/a> Ce lundi 19 mai 2025, un choc frontal entre deux voitures a fait <strong>trois bless\u00e9s<\/strong> <a href=\"https:\/\/actu.fr\/nouvelle-aquitaine\/carcans_33097\" rel=\"nofollow noopener\" target=\"_blank\">\u00e0 Carcans, en Gironde.<\/a>\u00a0L\u2019accident s\u2019est produit peu apr\u00e8s 14 heures, sur la route d\u00e9partementale 207.<\/p>\n<p class=\" wall-content\">Dans l\u2019une des voitures, le <strong>conducteur de 69 ans<\/strong> a \u00e9t\u00e9 d\u00e9sincarc\u00e9r\u00e9 par les secours. Gri\u00e8vement bless\u00e9, il a \u00e9t\u00e9 <a href=\"https:\/\/actu.fr\/nouvelle-aquitaine\/bordeaux_33063\/les-helicopteres-ne-peuvent-plus-se-poser-au-chu-de-bordeaux-une-perte-de-chances-pour-les-urgences-vitales_62655148.html\" rel=\"nofollow noopener\" target=\"_blank\">transport\u00e9 par h\u00e9licopt\u00e8re \u00e0 l\u2019h\u00f4pital Robert Picqu\u00e9.<\/a>\u00a0Son pronostic vital n\u2019\u00e9tait pas engag\u00e9.<\/p>\n<p class=\" wall-content\">Deux femmes, \u00e2g\u00e9es de<strong> 69 et 54 ans,<\/strong> ont \u00e9t\u00e9 plus l\u00e9g\u00e8rement bless\u00e9es. Elles ont \u00e9t\u00e9 transport\u00e9es par voie terrestre \u00e0 la clinique mutualiste de Lesparre.<\/p>\n<p class=\" wall-content\">La D207 a \u00e9t\u00e9 coup\u00e9e <strong>environ deux heures,<\/strong> le temps de l\u2019intervention. La gendarmerie nationale, les pompiers et le Samu \u00e9taient sur place. La veille qualifi\u00e9e est intervenue pour le nettoyage de la route.<\/p>\n<p class=\" wall-content\">Suivez toute l\u2019actualit\u00e9 de vos villes et m\u00e9dias favoris en vous inscrivant \u00e0 <a href=\"https:\/\/moncompte.actu.fr\" title=\"D\u00e9couvez Mon Actu\" rel=\"nofollow noopener\" data-trk=\"{&quot;cta&quot;:{&quot;action&quot;:&quot;https:\\\/\\\/moncompte.actu.fr&quot;,&quot;category&quot;:&quot;mon compte&quot;,&quot;from&quot;:&quot;article footer&quot;,&quot;name&quot;:&quot;Mon actu&quot;,&quot;type&quot;:&quot;cta&quot;}}\" target=\"_blank\">Mon Actu<\/a>.<\/p>\n","protected":false},"excerpt":{"rendered":"Par Juliette Cardinale Publi\u00e9 le 19 mai 2025 \u00e0 18h58 Nouvel accident dans le M\u00e9doc. Ce lundi 19&hellip;\n","protected":false},"author":2,"featured_media":112622,"comment_status":"","ping_status":"","sticky":false,"template":"","format":"standard","meta":{"footnotes":""},"categories":[2817],"tags":[119,1111,11,1997,1777,674,118,1011,27,3381,12,2219,25],"class_list":{"0":"post-112621","1":"post","2":"type-post","3":"status-publish","4":"format-standard","5":"has-post-thumbnail","7":"category-bordeaux","8":"tag-accident","9":"tag-actu","10":"tag-actualites","11":"tag-bordeaux","12":"tag-eu","13":"tag-europe","14":"tag-faits-divers","15":"tag-fr","16":"tag-france","17":"tag-gendarmerie","18":"tag-news","19":"tag-nouvelle-aquitaine","20":"tag-republique-francaise"},"share_on_mastodon":{"url":"https:\/\/pubeurope.com\/@fr\/114536385298869805","error":""},"_links":{"self":[{"href":"https:\/\/www.europesays.com\/fr\/wp-json\/wp\/v2\/posts\/112621","targetHints":{"allow":["GET"]}}],"collection":[{"href":"https:\/\/www.europesays.com\/fr\/wp-json\/wp\/v2\/posts"}],"about":[{"href":"https:\/\/www.europesays.com\/fr\/wp-json\/wp\/v2\/types\/post"}],"author":[{"embeddable":true,"href":"https:\/\/www.europesays.com\/fr\/wp-json\/wp\/v2\/users\/2"}],"replies":[{"embeddable":true,"href":"https:\/\/www.europesays.com\/fr\/wp-json\/wp\/v2\/comments?post=112621"}],"version-history":[{"count":0,"href":"https:\/\/www.europesays.com\/fr\/wp-json\/wp\/v2\/posts\/112621\/revisions"}],"wp:featuredmedia":[{"embeddable":true,"href":"https:\/\/www.europesays.com\/fr\/wp-json\/wp\/v2\/media\/112622"}],"wp:attachment":[{"href":"https:\/\/www.europesays.com\/fr\/wp-json\/wp\/v2\/media?parent=112621"}],"wp:term":[{"taxonomy":"category","embeddable":true,"href":"https:\/\/www.europesays.com\/fr\/wp-json\/wp\/v2\/categories?post=112621"},{"taxonomy":"post_tag","embeddable":true,"href":"https:\/\/www.europesays.com\/fr\/wp-json\/wp\/v2\/tags?post=112621"}],"curies":[{"name":"wp","href":"https:\/\/api.w.org\/{rel}","templated":true}]}}