{"id":112626,"date":"2025-05-19T20:30:08","date_gmt":"2025-05-19T20:30:08","guid":{"rendered":"https:\/\/www.europesays.com\/fr\/112626\/"},"modified":"2025-05-19T20:30:08","modified_gmt":"2025-05-19T20:30:08","slug":"au-volant-de-sa-voiture-le-conducteur-est-retrouve-inconscient","status":"publish","type":"post","link":"https:\/\/www.europesays.com\/fr\/112626\/","title":{"rendered":"au volant de sa voiture, le conducteur est retrouv\u00e9 inconscient"},"content":{"rendered":"<p>            Par<br \/>\n        <strong><br \/>\n            <a href=\"https:\/\/actu.fr\/auteur\/mareva-laville-actu-fr\" title=\"Consulter tous les articles de Mar\u00e9va Laville\" rel=\"nofollow noopener\" target=\"_blank\">Mar\u00e9va Laville<\/a><br \/>\n        <\/strong><\/p>\n<p>        Publi\u00e9 le<\/p>\n<p>            19 mai 2025 \u00e0 21h02        <\/p>\n<p>Aurait-il gliss\u00e9 <a href=\"https:\/\/actu.fr\/occitanie\/toulouse_31555\/un-orage-supercellulaire-touche-le-sud-ouest-de-toulouse-des-grelons-de-6-a-7-centimetres_62656841.html\" rel=\"nofollow noopener\" target=\"_blank\">\u00e0 cause de la pluie\u2009<\/a>? Ou est-ce une faute d\u2019inattention\u2009? Pire encore\u2009? Un <strong>automobiliste \u00e2g\u00e9 de 30\u00a0ans<\/strong> a subi un <strong>accident<\/strong> en fin de journ\u00e9e ce lundi 19\u00a0mai 2025 \u00e0 <strong>Villematier<\/strong>, au nord de <a href=\"http:\/\/www.actu.fr\/toulouse\" rel=\"nofollow noopener\" target=\"_blank\">Toulouse<\/a>, pr\u00e8s de la fronti\u00e8re avec le Tarn.<\/p>\n<p>    <a href=\"https:\/\/www.google.com\/maps\/embed?pb=!1m18!1m12!1m3!1d117641.56875188215!2d1.423225793542689!3d43.83752907712463!2m3!1f0!2f0!3f0!3m2!1i1024!2i768!4f13.1!3m3!1m2!1s0x12ac1f10f7dae9dd%3A0x406f69c2f410e70!2s31340%20Villematier!5e1!3m2!1sfr!2sfr!4v1747681093845!5m2!1sfr!2sfr\" title=\"Ouvrie le lien\" rel=\"nofollow noopener\" target=\"_blank\">Cliquez ici pour visualiser le contenu<\/a><\/p>\n<p>Un homme de 30 ans inconscient<\/p>\n<p class=\" wall-content\">Peu avant 21\u00a0heures, les pompiers de Haute-Garonne se rendaient sur place. L\u2019accident implique seulement un v\u00e9hicule, celui du conducteur. Au volant, <strong>\u00ab\u2009la victime est incarc\u00e9r\u00e9e et inconsciente\u2009\u00bb,<\/strong> indique le Sdis 31.<\/p>\n<p class=\" wall-content\">L\u2019homme accident\u00e9 a \u00e9t\u00e9 pris en charge par les secours et une \u00e9quipe du SMUR.<\/p>\n<p class=\" wall-content\">Suivez toute l\u2019actualit\u00e9 de vos villes et m\u00e9dias favoris en vous inscrivant \u00e0 <a href=\"https:\/\/moncompte.actu.fr\" title=\"D\u00e9couvez Mon Actu\" rel=\"nofollow noopener\" data-trk=\"{&quot;cta&quot;:{&quot;action&quot;:&quot;https:\\\/\\\/moncompte.actu.fr&quot;,&quot;category&quot;:&quot;mon compte&quot;,&quot;from&quot;:&quot;article footer&quot;,&quot;name&quot;:&quot;Mon actu&quot;,&quot;type&quot;:&quot;cta&quot;}}\" target=\"_blank\">Mon Actu<\/a>.<\/p>\n","protected":false},"excerpt":{"rendered":"Par Mar\u00e9va Laville Publi\u00e9 le 19 mai 2025 \u00e0 21h02 Aurait-il gliss\u00e9 \u00e0 cause de la pluie\u2009? Ou&hellip;\n","protected":false},"author":2,"featured_media":112627,"comment_status":"","ping_status":"","sticky":false,"template":"","format":"standard","meta":{"footnotes":""},"categories":[2816],"tags":[119,1111,11,1777,674,118,1011,27,12,2680,1311,25,2312],"class_list":{"0":"post-112626","1":"post","2":"type-post","3":"status-publish","4":"format-standard","5":"has-post-thumbnail","7":"category-toulouse","8":"tag-accident","9":"tag-actu","10":"tag-actualites","11":"tag-eu","12":"tag-europe","13":"tag-faits-divers","14":"tag-fr","15":"tag-france","16":"tag-news","17":"tag-occitanie","18":"tag-pompiers","19":"tag-republique-francaise","20":"tag-toulouse"},"share_on_mastodon":{"url":"https:\/\/pubeurope.com\/@fr\/114536397160564475","error":""},"_links":{"self":[{"href":"https:\/\/www.europesays.com\/fr\/wp-json\/wp\/v2\/posts\/112626","targetHints":{"allow":["GET"]}}],"collection":[{"href":"https:\/\/www.europesays.com\/fr\/wp-json\/wp\/v2\/posts"}],"about":[{"href":"https:\/\/www.europesays.com\/fr\/wp-json\/wp\/v2\/types\/post"}],"author":[{"embeddable":true,"href":"https:\/\/www.europesays.com\/fr\/wp-json\/wp\/v2\/users\/2"}],"replies":[{"embeddable":true,"href":"https:\/\/www.europesays.com\/fr\/wp-json\/wp\/v2\/comments?post=112626"}],"version-history":[{"count":0,"href":"https:\/\/www.europesays.com\/fr\/wp-json\/wp\/v2\/posts\/112626\/revisions"}],"wp:featuredmedia":[{"embeddable":true,"href":"https:\/\/www.europesays.com\/fr\/wp-json\/wp\/v2\/media\/112627"}],"wp:attachment":[{"href":"https:\/\/www.europesays.com\/fr\/wp-json\/wp\/v2\/media?parent=112626"}],"wp:term":[{"taxonomy":"category","embeddable":true,"href":"https:\/\/www.europesays.com\/fr\/wp-json\/wp\/v2\/categories?post=112626"},{"taxonomy":"post_tag","embeddable":true,"href":"https:\/\/www.europesays.com\/fr\/wp-json\/wp\/v2\/tags?post=112626"}],"curies":[{"name":"wp","href":"https:\/\/api.w.org\/{rel}","templated":true}]}}