{"id":112632,"date":"2025-05-19T20:33:07","date_gmt":"2025-05-19T20:33:07","guid":{"rendered":"https:\/\/www.europesays.com\/fr\/112632\/"},"modified":"2025-05-19T20:33:07","modified_gmt":"2025-05-19T20:33:07","slug":"aux-journees-du-made-in-france-ce-jeudi-le-sud-en-force","status":"publish","type":"post","link":"https:\/\/www.europesays.com\/fr\/112632\/","title":{"rendered":"Aux journ\u00e9es du made in France ce jeudi, le Sud en force"},"content":{"rendered":"<p>Le \u00ab\u00a0<a href=\"https:\/\/www.laprovence.com\/article\/france-monde\/1519508094854514\/dans-le-nord-la-lutte-anti-drones-est-synonyme-de-made-in-france\" target=\"_blank\" rel=\"noopener\">Made in France<\/a>\u00a0\u00bb est frein\u00e9 par une \u00e9quation difficile : des co\u00fbts \u00e9lev\u00e9s, une concurrence f\u00e9roce, des cha\u00eenes industrielles fragilis\u00e9es et une attente contradictoire des consommateurs (prix bas contre production locale). Pourtant, l&rsquo;espoir est de mise. Face au projet d&rsquo;envergure de r\u00e9industrialisation de la France, les entrepreneurs ont plus que d&rsquo;ordinaire d\u00e9cid\u00e9 de s&rsquo;unir.<\/p>\n<p>\u00ab\u00a0Un village d&rsquo;entreprises avec une vingtaine d&rsquo;entreprises exposantes\u00a0\u00bb<\/p>\n<p>C&rsquo;est tout le sens des Rencontres du Made in France, qui se d\u00e9rouleront le 22 mai, au Clo\u00eetre. \u00ab\u00a0Il n&rsquo;existait pas de moment pour r\u00e9unir les entrepreneurs, cr\u00e9ateurs d&rsquo;entreprises familiales, porteurs de projet pour \u00e9changer sur les bonnes pratiques\u00a0\u00bb, souligne Olivier Robert, chef d&rsquo;orchestre du rendez-vous et dirigeant de Sacr\u00e9s Fran\u00e7ais, agence de marketing aixoise. Pr\u00e8s de 300 participants seront r\u00e9unis autour de tables rondes, assembl\u00e9e pl\u00e9ni\u00e8re\u2026<\/p>\n","protected":false},"excerpt":{"rendered":"Le \u00ab\u00a0Made in France\u00a0\u00bb est frein\u00e9 par une \u00e9quation difficile : des co\u00fbts \u00e9lev\u00e9s, une concurrence f\u00e9roce, des&hellip;\n","protected":false},"author":2,"featured_media":112633,"comment_status":"","ping_status":"","sticky":false,"template":"","format":"standard","meta":{"footnotes":""},"categories":[2814],"tags":[17,1111,11,1007,33,1777,674,1011,27,9272,23216,23217,884,12,882,25,7053],"class_list":{"0":"post-112632","1":"post","2":"type-post","3":"status-publish","4":"format-standard","5":"has-post-thumbnail","7":"category-marseille","8":"tag-17","9":"tag-actu","10":"tag-actualites","11":"tag-aux","12":"tag-economie","13":"tag-eu","14":"tag-europe","15":"tag-fr","16":"tag-france","17":"tag-jeudi","18":"tag-journees","19":"tag-made","20":"tag-marseille","21":"tag-news","22":"tag-provence-alpes-cote-dazur","23":"tag-republique-francaise","24":"tag-sud"},"share_on_mastodon":{"url":"https:\/\/pubeurope.com\/@fr\/114536408997629227","error":""},"_links":{"self":[{"href":"https:\/\/www.europesays.com\/fr\/wp-json\/wp\/v2\/posts\/112632","targetHints":{"allow":["GET"]}}],"collection":[{"href":"https:\/\/www.europesays.com\/fr\/wp-json\/wp\/v2\/posts"}],"about":[{"href":"https:\/\/www.europesays.com\/fr\/wp-json\/wp\/v2\/types\/post"}],"author":[{"embeddable":true,"href":"https:\/\/www.europesays.com\/fr\/wp-json\/wp\/v2\/users\/2"}],"replies":[{"embeddable":true,"href":"https:\/\/www.europesays.com\/fr\/wp-json\/wp\/v2\/comments?post=112632"}],"version-history":[{"count":0,"href":"https:\/\/www.europesays.com\/fr\/wp-json\/wp\/v2\/posts\/112632\/revisions"}],"wp:featuredmedia":[{"embeddable":true,"href":"https:\/\/www.europesays.com\/fr\/wp-json\/wp\/v2\/media\/112633"}],"wp:attachment":[{"href":"https:\/\/www.europesays.com\/fr\/wp-json\/wp\/v2\/media?parent=112632"}],"wp:term":[{"taxonomy":"category","embeddable":true,"href":"https:\/\/www.europesays.com\/fr\/wp-json\/wp\/v2\/categories?post=112632"},{"taxonomy":"post_tag","embeddable":true,"href":"https:\/\/www.europesays.com\/fr\/wp-json\/wp\/v2\/tags?post=112632"}],"curies":[{"name":"wp","href":"https:\/\/api.w.org\/{rel}","templated":true}]}}