{"id":112637,"date":"2025-05-19T20:36:10","date_gmt":"2025-05-19T20:36:10","guid":{"rendered":"https:\/\/www.europesays.com\/fr\/112637\/"},"modified":"2025-05-19T20:36:10","modified_gmt":"2025-05-19T20:36:10","slug":"des-coups-de-couteau-lors-dune-violente-rixe-dans-le-5e-arrondissement-trois-blesses-graves","status":"publish","type":"post","link":"https:\/\/www.europesays.com\/fr\/112637\/","title":{"rendered":"des coups de couteau lors d&rsquo;une violente rixe dans le 5e arrondissement, trois bless\u00e9s graves"},"content":{"rendered":"<p>Lyon : des coups de couteau lors d&rsquo;une violente rixe dans le 5e arrondissement, deux bless\u00e9s graves &#8211; LyonMag<\/p>\n<p itemprop=\"description\"><strong>Ce lundi soir, plusieurs individus en sont venus aux mains dans le quartier de M\u00e9nival dans le 5e arrondissement de Lyon.<\/strong><\/p>\n<p>La rixe, dont l&rsquo;origine exacte est encore floue, a vir\u00e9 au drame peu apr\u00e8s 20h lorsque des couteaux ont \u00e9t\u00e9 sortis et utilis\u00e9s.<\/p>\n<p>Le bilan est lourd avec six bless\u00e9s, dont trois graves. Parmi ces derniers, deux sont dans un \u00e9tat critique, victimes d&rsquo;h\u00e9morragie.<\/p>\n<p>La police est intervenue avenue de M\u00e9nival pour boucler le secteur et tenter de comprendre les circonstances de cette agression, voire proc\u00e9der aux premi\u00e8res interpellations.<\/p>\n<p>Selon les premiers \u00e9l\u00e9ments de l&rsquo;enqu\u00eate, un conflit routier pourrait avoir tout d\u00e9clench\u00e9.<\/p>\n","protected":false},"excerpt":{"rendered":"Lyon : des coups de couteau lors d&rsquo;une violente rixe dans le 5e arrondissement, deux bless\u00e9s graves &#8211;&hellip;\n","protected":false},"author":2,"featured_media":112638,"comment_status":"","ping_status":"","sticky":false,"template":"","format":"standard","meta":{"footnotes":""},"categories":[1889],"tags":[1111,11,2813,2190,2430,1109,251,1112,2811,1777,674,118,1011,27,1922,1110,1114,2428,2810,12,241,316,25,2812,517,800],"class_list":{"0":"post-112637","1":"post","2":"type-post","3":"status-publish","4":"format-standard","5":"has-post-thumbnail","7":"category-lyon","8":"tag-actu","9":"tag-actualites","10":"tag-article","11":"tag-asvel","12":"tag-auvergne-rhone-alpes","13":"tag-breves","14":"tag-culture","15":"tag-depeches","16":"tag-economique","17":"tag-eu","18":"tag-europe","19":"tag-faits-divers","20":"tag-fr","21":"tag-france","22":"tag-info","23":"tag-informations","24":"tag-infos","25":"tag-lyon","26":"tag-lyonmag","27":"tag-news","28":"tag-ol","29":"tag-politique","30":"tag-republique-francaise","31":"tag-sociale","32":"tag-sport","33":"tag-transports"},"share_on_mastodon":{"url":"https:\/\/pubeurope.com\/@fr\/114536420702609130","error":""},"_links":{"self":[{"href":"https:\/\/www.europesays.com\/fr\/wp-json\/wp\/v2\/posts\/112637","targetHints":{"allow":["GET"]}}],"collection":[{"href":"https:\/\/www.europesays.com\/fr\/wp-json\/wp\/v2\/posts"}],"about":[{"href":"https:\/\/www.europesays.com\/fr\/wp-json\/wp\/v2\/types\/post"}],"author":[{"embeddable":true,"href":"https:\/\/www.europesays.com\/fr\/wp-json\/wp\/v2\/users\/2"}],"replies":[{"embeddable":true,"href":"https:\/\/www.europesays.com\/fr\/wp-json\/wp\/v2\/comments?post=112637"}],"version-history":[{"count":0,"href":"https:\/\/www.europesays.com\/fr\/wp-json\/wp\/v2\/posts\/112637\/revisions"}],"wp:featuredmedia":[{"embeddable":true,"href":"https:\/\/www.europesays.com\/fr\/wp-json\/wp\/v2\/media\/112638"}],"wp:attachment":[{"href":"https:\/\/www.europesays.com\/fr\/wp-json\/wp\/v2\/media?parent=112637"}],"wp:term":[{"taxonomy":"category","embeddable":true,"href":"https:\/\/www.europesays.com\/fr\/wp-json\/wp\/v2\/categories?post=112637"},{"taxonomy":"post_tag","embeddable":true,"href":"https:\/\/www.europesays.com\/fr\/wp-json\/wp\/v2\/tags?post=112637"}],"curies":[{"name":"wp","href":"https:\/\/api.w.org\/{rel}","templated":true}]}}