{"id":112651,"date":"2025-05-19T20:44:10","date_gmt":"2025-05-19T20:44:10","guid":{"rendered":"https:\/\/www.europesays.com\/fr\/112651\/"},"modified":"2025-05-19T20:44:10","modified_gmt":"2025-05-19T20:44:10","slug":"lallemagne-annonce-que-leurope-va-renforcer-ses-sanctions-contre-la-russie","status":"publish","type":"post","link":"https:\/\/www.europesays.com\/fr\/112651\/","title":{"rendered":"l&rsquo;Allemagne annonce que l&rsquo;Europe va renforcer ses sanctions contre la Russie"},"content":{"rendered":"<p><img decoding=\"async\" class=\"caas-img caas-lazy has-preview\" src=\"https:\/\/www.europesays.com\/fr\/wp-content\/uploads\/2025\/05\/add69dc5e218d28df6080f32c9235d90.jpeg\"\/><\/p>\n<p>Les principaux alli\u00e9s europ\u00e9ens de l&rsquo;Ukraine se sont entendus pour \u00ab\u00a0accro\u00eetre la pression\u00a0\u00bb sur Moscou en renfor\u00e7ant les sanctions, a indiqu\u00e9 le gouvernement allemand <a href=\"https:\/\/www.bfmtv.com\/international\/europe\/ukraine\/direct-guerre-en-ukraine-donald-trump-va-appeler-vladimir-poutine-pour-mettre-fin-au-bain-de-sang_LN-202505190080.html\" rel=\"nofollow noopener\" target=\"_blank\" data-ylk=\"slk:ce lundi 19 mai;elm:context_link;itc:0;sec:content-canvas\" class=\"link \">ce lundi 19 mai<\/a> apr\u00e8s l&rsquo;entretien <a href=\"https:\/\/fr.news.yahoo.com\/cessez-feu-paix-vatican-bilan-182723017.html\" data-ylk=\"slk:entre Donald Trump et Vladimir Poutine.;elm:context_link;itc:0;sec:content-canvas;outcm:mb_qualified_link;_E:mb_qualified_link;ct:story;\" class=\"link  yahoo-link\" target=\"_blank\" rel=\"noopener\">entre Donald Trump et Vladimir Poutine.<\/a><\/p>\n<p>Selon le compte-rendu officiel par Berlin d&rsquo;un entretien entre le pr\u00e9sident am\u00e9ricain et des dirigeants europ\u00e9ens, \u00ab\u00a0les participants ont annonc\u00e9 qu&rsquo;ils allaient accro\u00eetre la pression sur la partie russe par le biais de sanctions\u00a0\u00bb.<\/p>\n<p>De nouvelles sanctions adopt\u00e9es la semaine derni\u00e8re<\/p>\n<p>Les 27 \u00c9tats membres de l&rsquo;Union europ\u00e9enne ont approuv\u00e9 la semaine derni\u00e8re un <b><a href=\"https:\/\/www.bfmtv.com\/economie\/economie-social\/union-europeenne\/petroliers-fantomes-l-union-europeenne-approuve-un-nouveau-paquet-de-sanctions-contre-la-russie_AD-202505140221.html\" rel=\"nofollow noopener\" target=\"_blank\" data-ylk=\"slk:17\u00e8me &quot;paquet&quot; de sanctions contre la Russie;elm:context_link;itc:0;sec:content-canvas\" class=\"link \">17\u00e8me \u00ab\u00a0paquet\u00a0\u00bb de sanctions contre la Russie<\/a><\/b>, qui cible de nouveaux p\u00e9troliers \u00ab\u00a0fant\u00f4mes\u00a0\u00bb utilis\u00e9s pour contourner les sanctions d\u00e9j\u00e0 existantes, destin\u00e9es \u00e0 limiter les exportations de p\u00e9trole russe. La pr\u00e9sidente de la Commission europ\u00e9enne Ursula von der Leyen a d\u00e9j\u00e0 \u00e9voqu\u00e9 un 18e paquet de sanctions en pr\u00e9paration, incluant notamment des sanctions sur Nord Stream 1 et <a href=\"https:\/\/www.bfmtv.com\/economie\/entreprises\/energie\/cet-oleoduc-ne-peut-pas-etre-reactive-l-allemagne-exclut-toute-relance-du-gazoduc-nord-stream-2_AD-202504010700.html\" rel=\"nofollow noopener\" target=\"_blank\" data-ylk=\"slk:Nord Stream 2;elm:context_link;itc:0;sec:content-canvas\" class=\"link \">Nord Stream 2<\/a>, voies de transit du gaz russe vers l&rsquo;Europe. La dirigeante europ\u00e9enne a promis ce vendredi d&rsquo;accro\u00eetre la pression sur Moscou jusqu&rsquo;\u00e0 ce que le pr\u00e9sident russe soit \u00ab\u00a0pr\u00eat pour la paix\u00a0\u00bb.<\/p>\n<p>Emmanuel Macron avait partag\u00e9 ce mardi \u00ab\u00a0la volont\u00e9\u00a0\u00bb de l&rsquo;Europe de \u00ab\u00a0prendre des sanctions \u00e0 nouveau dans les prochains jours\u00a0\u00bb contre la Russie, face \u00e0 son refus d&rsquo;appliquer le cessez-le-feu en Ukraine. Le pr\u00e9sident fran\u00e7ais avait alors pr\u00e9cis\u00e9 <b><a href=\"https:\/\/www.tf1.fr\/tf1\/direct\" rel=\"nofollow noopener\" target=\"_blank\" data-ylk=\"slk:sur TF1;elm:context_link;itc:0;sec:content-canvas\" class=\"link \">sur TF1<\/a><\/b> que des \u00ab\u00a0discussions\u00a0\u00bb \u00e9taient en cours avec \u00ab\u00a0l&rsquo;administration et le S\u00e9nat am\u00e9ricain\u00a0\u00bb sur ce sujet.<\/p>\n<p>Ce mercredi, le ministre des Affaires \u00e9trang\u00e8res Jean-No\u00ebl Barrot a d\u00e9clar\u00e9 que \u00ab\u00a0les Am\u00e9ricains et les Europ\u00e9ens doivent \u00ab\u00a0se pr\u00e9parer \u00e0 brandir des sanctions d\u00e9vastatrices\u00a0\u00bb pour contraindre la Russie \u00e0 cesser sa guerre en Ukraine. \u00ab\u00a0C&rsquo;est une mani\u00e8re de prendre la Russie \u00e0 la gorge\u00a0\u00bb, a-t-il <b><a href=\"https:\/\/www.bfmtv.com\/economie\/international\/prendre-la-russie-a-la-gorge-la-france-evoque-la-preparation-de-sanctions-devastatrices-contre-moscou_AD-202505140303.html\" rel=\"nofollow noopener\" target=\"_blank\" data-ylk=\"slk:poursuivi sur BFMTV.;elm:context_link;itc:0;sec:content-canvas\" class=\"link \">poursuivi sur BFMTV.<\/a><\/b><\/p>\n<p><a href=\"https:\/\/www.bfmtv.com\/international\/asie\/russie\/guerre-en-ukraine-l-allemagne-annonce-que-l-europe-va-renforcer-ses-sanctions-contre-la-russie_AD-202505190766.html#xtor=AL-68\" rel=\"nofollow noopener\" target=\"_blank\" data-ylk=\"slk:Article original publi\u00e9 sur BFMTV.com;elm:context_link;itc:0;sec:content-canvas\" class=\"link \">Article original publi\u00e9 sur BFMTV.com<\/a><\/p>\n","protected":false},"excerpt":{"rendered":"Les principaux alli\u00e9s europ\u00e9ens de l&rsquo;Ukraine se sont entendus pour \u00ab\u00a0accro\u00eetre la pression\u00a0\u00bb sur Moscou en renfor\u00e7ant les&hellip;\n","protected":false},"author":2,"featured_media":112652,"comment_status":"","ping_status":"","sticky":false,"template":"","format":"standard","meta":{"footnotes":""},"categories":[1591],"tags":[11,75,23219,1887,12,7274,1885,1886,132,7185,14136,220],"class_list":{"0":"post-112651","1":"post","2":"type-post","3":"status-publish","4":"format-standard","5":"has-post-thumbnail","7":"category-russie","8":"tag-actualites","9":"tag-donald-trump","10":"tag-etats-membres-de-lunion-europeenne","11":"tag-federation-de-russie","12":"tag-news","13":"tag-president-americain","14":"tag-russia","15":"tag-russian-federation","16":"tag-russie","17":"tag-sanctions","18":"tag-sanctions-contre-la-russie","19":"tag-ukraine"},"share_on_mastodon":{"url":"https:\/\/pubeurope.com\/@fr\/114536452213515226","error":""},"_links":{"self":[{"href":"https:\/\/www.europesays.com\/fr\/wp-json\/wp\/v2\/posts\/112651","targetHints":{"allow":["GET"]}}],"collection":[{"href":"https:\/\/www.europesays.com\/fr\/wp-json\/wp\/v2\/posts"}],"about":[{"href":"https:\/\/www.europesays.com\/fr\/wp-json\/wp\/v2\/types\/post"}],"author":[{"embeddable":true,"href":"https:\/\/www.europesays.com\/fr\/wp-json\/wp\/v2\/users\/2"}],"replies":[{"embeddable":true,"href":"https:\/\/www.europesays.com\/fr\/wp-json\/wp\/v2\/comments?post=112651"}],"version-history":[{"count":0,"href":"https:\/\/www.europesays.com\/fr\/wp-json\/wp\/v2\/posts\/112651\/revisions"}],"wp:featuredmedia":[{"embeddable":true,"href":"https:\/\/www.europesays.com\/fr\/wp-json\/wp\/v2\/media\/112652"}],"wp:attachment":[{"href":"https:\/\/www.europesays.com\/fr\/wp-json\/wp\/v2\/media?parent=112651"}],"wp:term":[{"taxonomy":"category","embeddable":true,"href":"https:\/\/www.europesays.com\/fr\/wp-json\/wp\/v2\/categories?post=112651"},{"taxonomy":"post_tag","embeddable":true,"href":"https:\/\/www.europesays.com\/fr\/wp-json\/wp\/v2\/tags?post=112651"}],"curies":[{"name":"wp","href":"https:\/\/api.w.org\/{rel}","templated":true}]}}