{"id":1126604,"date":"2026-08-14T15:15:18","date_gmt":"2026-08-14T15:15:18","guid":{"rendered":"https:\/\/www.europesays.com\/fr\/1126604\/"},"modified":"2026-08-14T15:15:18","modified_gmt":"2026-08-14T15:15:18","slug":"on-fait-des-chateaux-de-sable-depuis-toujours-venus-de-grenoble-leo-et-emma-profitent-de-larmor-plage-avec-leurs-amis","status":"publish","type":"post","link":"https:\/\/www.europesays.com\/fr\/1126604\/","title":{"rendered":"\u00ab\u00a0On fait des ch\u00e2teaux de sable depuis toujours\u00a0!\u00a0\u00bb\u00a0: venus de Grenoble, L\u00e9o et Emma profitent de Larmor-Plage avec leurs amis"},"content":{"rendered":"<p>Amis de longue date gr\u00e2ce au coll\u00e8ge, au lyc\u00e9e, aux colocs ou aux relations amoureuses, ces Grenoblois d\u2019une trentaine d\u2019ann\u00e9es ont voyag\u00e9 dans diff\u00e9rentes directions cet \u00e9t\u00e9, avant de se r\u00e9unir \u00e0 Larmor-Plage\u00a0: \u00ab\u00a0On dort dans des camions et on voulait tous venir en Bretagne, donc on a d\u00e9cid\u00e9 de se retrouver ici\u00a0!\u00a0\u00bb. L\u00e9o est venu de Grenoble en van, avec Emma. Apr\u00e8s quelques \u00e9tapes en Vend\u00e9e, ils ont atteint leur destination\u00a0: Larmor-Plage et leurs amis.<\/p>\n<p>\u00ab\u00a0Mes grands-parents habitent ici, donc mes amis sont venus pour faire des lessives\u00a0\u00bb, plaisante Lucas. Lui aussi appr\u00e9cie ce retour sur la c\u00f4te bretonne. Avec Lucile, ils en ont profit\u00e9 pour parcourir une partie du Finist\u00e8re\u00a0: Roscoff, la F\u00eate de la langoustine \u00e0 Lesconil et leur coup de c\u0153ur\u00a0: leur rencontre avec des dauphins au Conquet, \u00e0 l\u2019ouest de Brest.<\/p>\n<p>\u00ab On esp\u00e9rait trouver un peu de fra\u00eecheur \u00bb<\/p>\n<p>Mais finalement, ce que les amis pr\u00e9f\u00e8rent, c\u2019est se retrouver autour d\u2019un jeu de soci\u00e9t\u00e9, ou concevoir un ch\u00e2teau de sable digne de ce nom. Depuis plus d\u2019une heure, ils sont pench\u00e9s sur l\u2019avanc\u00e9e du chantier et la chaleur \u00e9crasante ne semble pas perturber l\u2019assemblage des tours. L\u00e9o ne voit d\u2019ailleurs pas meilleure occupation. \u00ab\u00a0En venant en Bretagne, on esp\u00e9rait trouver un peu de fra\u00eecheur, mais ce n\u2019est pas le cas. Donc la plage et les ch\u00e2teaux, c\u2019est ce qu\u2019il y a de mieux \u00e0 faire. On en fait depuis toujours\u00a0\u00bb.<\/p>\n<p>Le s\u00e9jour touche \u00e0 sa fin pour les Grenoblois, mais ils sont bien d\u00e9cid\u00e9s \u00e0 terminer la construction de leur ch\u00e2teau de sable avant de retourner doucement \u00e0 la r\u00e9alit\u00e9.<\/p>\n","protected":false},"excerpt":{"rendered":"Amis de longue date gr\u00e2ce au coll\u00e8ge, au lyc\u00e9e, aux colocs ou aux relations amoureuses, ces Grenoblois d\u2019une&hellip;\n","protected":false},"author":2,"featured_media":1126605,"comment_status":"","ping_status":"","sticky":false,"template":"","format":"standard","meta":{"footnotes":"","_share_on_mastodon":"0"},"categories":[9566],"tags":[1111,11,2430,1777,674,1011,27,2731,93461,1781,12,108943,25],"class_list":["post-1126604","post","type-post","status-publish","format-standard","has-post-thumbnail","category-grenoble","tag-actu","tag-actualites","tag-auvergne-rhone-alpes","tag-eu","tag-europe","tag-fr","tag-france","tag-grenoble","tag-larmor-plage","tag-lorient","tag-news","tag-paroles-de-touristes","tag-republique-francaise"],"share_on_mastodon":{"url":"https:\/\/pubeurope.com\/@fr\/117094523224475810","error":""},"_links":{"self":[{"href":"https:\/\/www.europesays.com\/fr\/wp-json\/wp\/v2\/posts\/1126604","targetHints":{"allow":["GET"]}}],"collection":[{"href":"https:\/\/www.europesays.com\/fr\/wp-json\/wp\/v2\/posts"}],"about":[{"href":"https:\/\/www.europesays.com\/fr\/wp-json\/wp\/v2\/types\/post"}],"author":[{"embeddable":true,"href":"https:\/\/www.europesays.com\/fr\/wp-json\/wp\/v2\/users\/2"}],"replies":[{"embeddable":true,"href":"https:\/\/www.europesays.com\/fr\/wp-json\/wp\/v2\/comments?post=1126604"}],"version-history":[{"count":0,"href":"https:\/\/www.europesays.com\/fr\/wp-json\/wp\/v2\/posts\/1126604\/revisions"}],"wp:featuredmedia":[{"embeddable":true,"href":"https:\/\/www.europesays.com\/fr\/wp-json\/wp\/v2\/media\/1126605"}],"wp:attachment":[{"href":"https:\/\/www.europesays.com\/fr\/wp-json\/wp\/v2\/media?parent=1126604"}],"wp:term":[{"taxonomy":"category","embeddable":true,"href":"https:\/\/www.europesays.com\/fr\/wp-json\/wp\/v2\/categories?post=1126604"},{"taxonomy":"post_tag","embeddable":true,"href":"https:\/\/www.europesays.com\/fr\/wp-json\/wp\/v2\/tags?post=1126604"}],"curies":[{"name":"wp","href":"https:\/\/api.w.org\/{rel}","templated":true}]}}