{"id":1126784,"date":"2026-08-14T17:06:18","date_gmt":"2026-08-14T17:06:18","guid":{"rendered":"https:\/\/www.europesays.com\/fr\/1126784\/"},"modified":"2026-08-14T17:06:18","modified_gmt":"2026-08-14T17:06:18","slug":"piratage-du-fisc-en-france-des-centaines-de-milliers-dusagers-concernes-selon-les-finances-publiques","status":"publish","type":"post","link":"https:\/\/www.europesays.com\/fr\/1126784\/","title":{"rendered":"Piratage du fisc en France: des centaines de milliers d&rsquo;usagers concern\u00e9s, selon les Finances publiques"},"content":{"rendered":"<p class=\"mb-4 text-lg md:leading-8 break-words\">R\u00e9v\u00e9l\u00e9e jeudi 13 ao\u00fbt, la cyberattaque dont le fisc fran\u00e7ais a \u00e9t\u00e9 victime \u00e0 la fin du mois de juin trouve son origine dans une usurpation d&rsquo;identit\u00e9 qui a permis au pirate de s&rsquo;introduire dans le syst\u00e8me de la Direction g\u00e9n\u00e9rale des finances publiques (DGFiP) o\u00f9 il a pu consulter et extraire des donn\u00e9es. D\u00e9tect\u00e9e rapidement, l&rsquo;intrusion a ensuite \u00e9t\u00e9 interrompue, mais trop tard.<\/p>\n<p class=\"mb-4 text-lg md:leading-8 break-words\">Revenus fiscaux, date de naissance, adresses, nombre de personnes \u00e0 charge&#8230;: selon le site <a data-ylk=\"slk:French Breaches;elm:context_link;itc:0;sec:content-canvas;\" data-yga=\"{&quot;yLinkElement&quot;:&quot;link&quot;,&quot;yLinkElementType&quot;:&quot;article_link&quot;}\" href=\"https:\/\/frenchbreaches.com\/alertes\/direction-g-n-rale-des-finances-publiques-dgfip-msq5rgy4cql9o0l7cus\" rel=\"noopener noreferrer nofollow\" target=\"_blank\"><strong>French Breaches<\/strong><\/a>, sp\u00e9cialiste des cyberattaques commises en France, les donn\u00e9es personnelles de plus de 678 000 contribuables, particuliers et professionnels, auraient fuit\u00e9, une information confirm\u00e9e \u00e0 demi-mot par la DGFiP qui rapporte, vendredi 14 ao\u00fbt, que \u00ab quelques centaines de milliers d&rsquo;usagers \u00bb sont bien concern\u00e9s par la fuite de donn\u00e9es.<\/p>\n<p>Deux attaques revendiqu\u00e9es<\/p>\n<p class=\"mb-4 text-lg md:leading-8 break-words\">Agissant sous le pseudonyme \u00ab ZeroBytes \u00bb, le pirate qui a revendiqu\u00e9 l&rsquo;attaque affirme \u00e9galement avoir pris pour cible le Serveur professionnel de donn\u00e9es cadastrales (SPDC) lors d&rsquo;une autre op\u00e9ration qui concernerait cette fois plus de 2 000 000 de personnes.<\/p>\n<p class=\"mb-4 text-lg md:leading-8 break-words\">\u00c0 lire aussi<a data-ylk=\"slk:Cyberattaques, le casse du si\u00e8cle;elm:context_link;itc:0;sec:content-canvas;\" data-yga=\"{&quot;yLinkElement&quot;:&quot;link&quot;,&quot;yLinkElementType&quot;:&quot;article_link&quot;}\" href=\"https:\/\/www.rfi.fr\/fr\/podcasts\/d\u00e9cryptage\/20260112-cyberattaques-le-casse-du-si\u00e8cle-1\" class=\"a-read-more__link\" rel=\"noopener noreferrer nofollow\" target=\"_blank\">Cyberattaques, le casse du si\u00e8cle<\/a><\/p>\n<p class=\"mb-4 text-lg md:leading-8 break-words\">De son c\u00f4t\u00e9, le minist\u00e8re de l&rsquo;\u00c9conomie, qui n&rsquo;a reconnu qu&rsquo;une seule des deux intrusions dans ses syst\u00e8mes, reste prudent et pr\u00e9cise ne pas encore conna\u00eetre l&rsquo;objectif du cybercriminel.<\/p>\n<p class=\"mb-4 text-lg md:leading-8 break-words\">Dans son communiqu\u00e9, le minist\u00e8re pr\u00e9cise aussi que les usagers concern\u00e9s recevront un mail indiquant quelles donn\u00e9es ont \u00e9t\u00e9 consult\u00e9es et extraites. La DGFiP poursuit ses investigations et compte porter plainte.<\/p>\n<p>Pas de \u00ab motivation pr\u00e9cise \u00bb, si ce n&rsquo;est \u00ab l&rsquo;argent \u00bb<\/p>\n<p class=\"mb-4 text-lg md:leading-8 break-words\">Contact\u00e9 par l&rsquo;AFP via ses coordonn\u00e9es de la messagerie Telegram, \u00ab ZeroBytes \u00bb a d\u00e9clar\u00e9 que son acc\u00e8s au syst\u00e8me cadastral avait \u00e9t\u00e9 \u00ab rapidement suspendu apr\u00e8s la publication \u00bb de sa revendication, dans la soir\u00e9e du jeudi 13 ao\u00fbt. Le hacker pr\u00e9cise \u00e9galement \u00eatre \u00ab un groupe de deux personnes \u00bb, sans \u00ab motivation pr\u00e9cise \u00bb si ce n&rsquo;est \u00ab l&rsquo;argent, j&rsquo;imagine \u00bb.<\/p>\n<p class=\"mb-4 text-lg md:leading-8 break-words\">Le prix demand\u00e9 pour le premier fichier se chiffre \u00ab en milliers \u00bb d&rsquo;euros, a affirm\u00e9 \u00ab ZeroBytes \u00bb \u00e0 l&rsquo;AFP, sans confirmer l&rsquo;avoir effectivement vendu.<\/p>\n<p class=\"mb-4 text-lg md:leading-8 break-words\">Menace grandissante dans l&rsquo;Hexagone, les <a data-ylk=\"slk:cyberattaques;elm:context_link;itc:0;sec:content-canvas;\" data-yga=\"{&quot;yLinkElement&quot;:&quot;link&quot;,&quot;yLinkElementType&quot;:&quot;article_link&quot;}\" href=\"https:\/\/www.rfi.fr\/fr\/france\/20260101-france-les-services-en-ligne-de-la-poste-vis\u00e9s-par-une-nouvelle-cyberattaque\" rel=\"noopener noreferrer nofollow\" target=\"_blank\"><strong>cyberattaques<\/strong><\/a><strong> <\/strong>contre les entreprises priv\u00e9es et les services publics s&rsquo;accumulent. En juin 2026, deux jeunes soup\u00e7onn\u00e9s d&rsquo;appartenir au groupe cybercriminel \u00ab Dumpsec \u00bb ont \u00e9t\u00e9 mis en examen. Des dizaines de millions de donn\u00e9es et plus de 1 500 soci\u00e9t\u00e9s ou entit\u00e9s, dont l&rsquo;Assembl\u00e9e nationale, auraient \u00e9t\u00e9 dans le viseur de ces hackers.<\/p>\n<p class=\"mb-4 text-lg md:leading-8 break-words\">Selon une \u00e9tude de l&rsquo;entreprise de cybers\u00e9curit\u00e9 Surfshark, la France est le pays europ\u00e9en le plus touch\u00e9 par les fuites de donn\u00e9es, et le deuxi\u00e8me pays \u00e0 l&rsquo;\u00e9chelle mondiale.<\/p>\n<p class=\"mb-4 text-lg md:leading-8 break-words\">\u00c0 lire aussi<a data-ylk=\"slk:Vol de donn\u00e9es en France: \u00abLa cybercriminalit\u00e9 n&#039;a pas de fronti\u00e8res\u00bb;elm:context_link;itc:0;sec:content-canvas;\" data-yga=\"{&quot;yLinkElement&quot;:&quot;link&quot;,&quot;yLinkElementType&quot;:&quot;article_link&quot;}\" href=\"https:\/\/www.rfi.fr\/fr\/podcasts\/invit\u00e9-politique\/20260424-vol-de-donn\u00e9es-en-france-la-cybercriminalit\u00e9-n-a-pas-de-fronti\u00e8res\" class=\"a-read-more__link\" rel=\"noopener noreferrer nofollow\" target=\"_blank\">Vol de donn\u00e9es en France: \u00abLa cybercriminalit\u00e9 n&rsquo;a pas de fronti\u00e8res\u00bb<\/a><\/p>\n","protected":false},"excerpt":{"rendered":"R\u00e9v\u00e9l\u00e9e jeudi 13 ao\u00fbt, la cyberattaque dont le fisc fran\u00e7ais a \u00e9t\u00e9 victime \u00e0 la fin du mois&hellip;\n","protected":false},"author":2,"featured_media":1126785,"comment_status":"","ping_status":"","sticky":false,"template":"","format":"standard","meta":{"footnotes":"","_share_on_mastodon":"0"},"categories":[4],"tags":[11,115617,1011,27,115618,115619,12,27963,25,115616],"class_list":["post-1126784","post","type-post","status-publish","format-standard","has-post-thumbnail","category-france","tag-actualites","tag-date-de-naissance","tag-fr","tag-france","tag-la-soiree-du-jeudi","tag-les-donnees-personnelles","tag-news","tag-nombre-de-personnes","tag-republique-francaise","tag-usurpation-d39identite"],"share_on_mastodon":{"url":"https:\/\/pubeurope.com\/@fr\/117094959692511955","error":""},"_links":{"self":[{"href":"https:\/\/www.europesays.com\/fr\/wp-json\/wp\/v2\/posts\/1126784","targetHints":{"allow":["GET"]}}],"collection":[{"href":"https:\/\/www.europesays.com\/fr\/wp-json\/wp\/v2\/posts"}],"about":[{"href":"https:\/\/www.europesays.com\/fr\/wp-json\/wp\/v2\/types\/post"}],"author":[{"embeddable":true,"href":"https:\/\/www.europesays.com\/fr\/wp-json\/wp\/v2\/users\/2"}],"replies":[{"embeddable":true,"href":"https:\/\/www.europesays.com\/fr\/wp-json\/wp\/v2\/comments?post=1126784"}],"version-history":[{"count":0,"href":"https:\/\/www.europesays.com\/fr\/wp-json\/wp\/v2\/posts\/1126784\/revisions"}],"wp:featuredmedia":[{"embeddable":true,"href":"https:\/\/www.europesays.com\/fr\/wp-json\/wp\/v2\/media\/1126785"}],"wp:attachment":[{"href":"https:\/\/www.europesays.com\/fr\/wp-json\/wp\/v2\/media?parent=1126784"}],"wp:term":[{"taxonomy":"category","embeddable":true,"href":"https:\/\/www.europesays.com\/fr\/wp-json\/wp\/v2\/categories?post=1126784"},{"taxonomy":"post_tag","embeddable":true,"href":"https:\/\/www.europesays.com\/fr\/wp-json\/wp\/v2\/tags?post=1126784"}],"curies":[{"name":"wp","href":"https:\/\/api.w.org\/{rel}","templated":true}]}}