{"id":112685,"date":"2025-05-19T21:04:09","date_gmt":"2025-05-19T21:04:09","guid":{"rendered":"https:\/\/www.europesays.com\/fr\/112685\/"},"modified":"2025-05-19T21:04:09","modified_gmt":"2025-05-19T21:04:09","slug":"a-londres-un-40-m2-original-dans-une-maison-victorienne","status":"publish","type":"post","link":"https:\/\/www.europesays.com\/fr\/112685\/","title":{"rendered":"\u00c0 Londres, un 40 m2 original dans une maison victorienne"},"content":{"rendered":"<p>Nich\u00e9 \u00e0 Kensington, le micro-quartier hupp\u00e9 de Boltons abrite de larges maisons comme la m\u00e9tropole anglaise n\u2019en fait nulle part ailleurs. R\u00e9put\u00e9 pour son calme et son confort, il attire nombre de notables et de c\u00e9l\u00e9brit\u00e9s, \u00e0 l\u2019instar de <a href=\"https:\/\/www.admagazine.fr\/article\/madonna-portefeuille-immobilier-tentaculaire\" target=\"_blank\" rel=\"noopener\">Madonna<\/a>. Mais notre vedette du jour est une habitation enti\u00e8rement r\u00e9nov\u00e9e par Irakli Zaria ; ou plut\u00f4t deux, en fait, ce dernier ayant r\u00e9uni deux maisons victoriennes en une, cr\u00e9ant un espace inhabituellement vaste pour les standards londoniens. L\u2019architecte g\u00e9orgien, bas\u00e9 \u00e0 Tbilisi et \u00e9pris d\u2019art, signe la r\u00e9novation d\u2019appartements et villas, de Barcelone \u00e0 Cannes.<\/p>\n<p><strong>Par Annabelle Dufraigne<\/strong><\/p>\n<p><strong>\u00c0 Los Angeles, la splendide r\u00e9novation d&rsquo;une maison victorienne d\u00e9labr\u00e9e<\/strong><\/p>\n<p>\u00ab\u2009Lorsqu&rsquo;on a achet\u00e9 la maison, on a demand\u00e9 \u00e0 notre ami Winston, qui dirige l&rsquo;entreprise Dusk Design, de construire le canap\u00e9 panoramique. C&rsquo;est la premi\u00e8re chose qu&rsquo;on a faite apr\u00e8s avoir termin\u00e9 les fondations\u2009\u00bb, poursuit Patrick Bernatz Ward. Le fauteuil en noyer noir et la table basse Peralta sont des cr\u00e9ations personnalis\u00e9es de Patrick Bernatz Ward. Une applique Florian Schultz et une illustration de Millard Sheets sont accroch\u00e9es au mur.<\/p>\n<p>Quand ils ont trouv\u00e9 la maison qui allait bient\u00f4t \u00eatre la leur (une maison des ann\u00e9es\u00a01890 dans l&rsquo;est de <a href=\"https:\/\/www.admagazine.fr\/article\/pied-a-terre-fantaisiste-los-angeles\" target=\"_blank\" rel=\"noopener\">Los Angeles<\/a>, qui \u00e9tait pr\u00e9vue pour \u00eatre d\u00e9molie), c&rsquo;est son jardin qui a s\u00e9duit les propri\u00e9taires. \u00ab\u2009Bien entendu, on pouvait voir son potentiel, mais le jardin, c&rsquo;\u00e9tait presque un r\u00eave [\u2026] il \u00e9tait exactement comme on le souhaitait\u2009\u00bb, se souvient l&rsquo;architecte. Il y avait des oliviers, vieux de 120\u00a0ans et des palmiers de 100\u00a0ans, mais aussi d&rsquo;\u00e9tonnantes parcelles en contrebas et des <a href=\"https:\/\/www.admagazine.fr\/article\/idees-amenagement-terrasse\" target=\"_blank\" rel=\"noopener\">terrasses<\/a> en gradins. Le tout avait beau \u00eatre recouvert de voitures abandonn\u00e9es, de bacs \u00e0 ordures et de barils de p\u00e9trole, le couple n&rsquo;en \u00e9tait pas moins inspir\u00e9.<\/p>\n<p><strong>Par Zo\u00eb Sessums<\/strong><\/p>\n","protected":false},"excerpt":{"rendered":"Nich\u00e9 \u00e0 Kensington, le micro-quartier hupp\u00e9 de Boltons abrite de larges maisons comme la m\u00e9tropole anglaise n\u2019en fait&hellip;\n","protected":false},"author":2,"featured_media":112686,"comment_status":"","ping_status":"","sticky":false,"template":"","format":"standard","meta":{"footnotes":""},"categories":[1358],"tags":[1348,1384,1385,1386,58,59,1011,27,4534,9986],"class_list":{"0":"post-112685","1":"post","2":"type-post","3":"status-publish","4":"format-standard","5":"has-post-thumbnail","7":"category-arts-et-design","8":"tag-arts","9":"tag-arts-and-design","10":"tag-arts-et-design","11":"tag-design","12":"tag-divertissement","13":"tag-entertainment","14":"tag-fr","15":"tag-france","16":"tag-londres","17":"tag-petits-espaces"},"share_on_mastodon":{"url":"https:\/\/pubeurope.com\/@fr\/114536530780489656","error":""},"_links":{"self":[{"href":"https:\/\/www.europesays.com\/fr\/wp-json\/wp\/v2\/posts\/112685","targetHints":{"allow":["GET"]}}],"collection":[{"href":"https:\/\/www.europesays.com\/fr\/wp-json\/wp\/v2\/posts"}],"about":[{"href":"https:\/\/www.europesays.com\/fr\/wp-json\/wp\/v2\/types\/post"}],"author":[{"embeddable":true,"href":"https:\/\/www.europesays.com\/fr\/wp-json\/wp\/v2\/users\/2"}],"replies":[{"embeddable":true,"href":"https:\/\/www.europesays.com\/fr\/wp-json\/wp\/v2\/comments?post=112685"}],"version-history":[{"count":0,"href":"https:\/\/www.europesays.com\/fr\/wp-json\/wp\/v2\/posts\/112685\/revisions"}],"wp:featuredmedia":[{"embeddable":true,"href":"https:\/\/www.europesays.com\/fr\/wp-json\/wp\/v2\/media\/112686"}],"wp:attachment":[{"href":"https:\/\/www.europesays.com\/fr\/wp-json\/wp\/v2\/media?parent=112685"}],"wp:term":[{"taxonomy":"category","embeddable":true,"href":"https:\/\/www.europesays.com\/fr\/wp-json\/wp\/v2\/categories?post=112685"},{"taxonomy":"post_tag","embeddable":true,"href":"https:\/\/www.europesays.com\/fr\/wp-json\/wp\/v2\/tags?post=112685"}],"curies":[{"name":"wp","href":"https:\/\/api.w.org\/{rel}","templated":true}]}}