{"id":112704,"date":"2025-05-19T21:14:09","date_gmt":"2025-05-19T21:14:09","guid":{"rendered":"https:\/\/www.europesays.com\/fr\/112704\/"},"modified":"2025-05-19T21:14:09","modified_gmt":"2025-05-19T21:14:09","slug":"benyamin-netanyahou-joue-les-humanitaires-alors-que-loffensive-de-tsahal-redouble-a-gaza-liberation","status":"publish","type":"post","link":"https:\/\/www.europesays.com\/fr\/112704\/","title":{"rendered":"Benyamin N\u00e9tanyahou joue les humanitaires, alors que l\u2019offensive de Tsahal redouble \u00e0 Gaza \u2013 Lib\u00e9ration"},"content":{"rendered":"<p class=\"sc-ksZaOG ehjQrN text-element\">C\u2019est un v\u00e9ritable jeu de dupe. Apr\u00e8s <a href=\"https:\/\/www.liberation.fr\/international\/moyen-orient\/gaza-israel-rompt-le-cessez-le-feu-les-etats-unis-accusent-le-hamas-20250318_6RTWQHZCCJCMLGAOW5QO46SVVU\/\" target=\"_blank\" rel=\"noopener\" title=\"https:\/\/www.liberation.fr\/international\/moyen-orient\/gaza-israel-rompt-le-cessez-le-feu-les-etats-unis-accusent-le-hamas-20250318_6RTWQHZCCJCMLGAOW5QO46SVVU\/\">dix semaines de blocus<\/a> humanitaire \u00e0 Gaza, le cabinet de s\u00e9curit\u00e9 isra\u00e9lien a ent\u00e9rin\u00e9 dimanche soir le passage de camions d\u2019aide vers l\u2019enclave palestinienne. Moins d\u2019une dizaine ce lundi &#8211; une \u00abgoutte d\u2019eau dans l\u2019oc\u00e9an\u00bb selon l\u2019ONU \u2013 et \u00abdes dizaines\u00bb d\u2019autres \u00e0 venir pour acheminer de la \u00abnourriture infantile\u00bb, de \u00abla farine\u00bb, et \u00abdes aliments pour les cuisines collectives\u00bb.<\/p>\n<p class=\"sc-ksZaOG ehjQrN text-element\">Apr\u00e8s avoir assur\u00e9 pendant des semaines que l\u2019aide humanitaire \u00e9tait accapar\u00e9e par le Hamas, Benyamin N\u00e9tanyahou s\u2019est r\u00e9fugi\u00e9 derri\u00e8re les estimations de l\u2019arm\u00e9e et \u00e9voque la pression diplomatique pour \u00ab\u00e9viter la famine\u00bb en attendant que le nouveau m\u00e9canisme de distribution d\u2019aide humanitaire avalis\u00e9 par le gouvernement isra\u00e9lien soit mis en place. \u00abNos meilleurs amis du monde, des s\u00e9nateurs que je connais depuis des dizaines d\u2019ann\u00e9es, me disent : \u201cNous sommes pr\u00eats \u00e0 tout vous donner pour aller jusqu\u2019\u00e0 la victoire\u2026 mais nous ne voulons pas voir de famine\u201d\u00bb, a-t-il poursuivi lundi dans une vid\u00e9o en ligne.<\/p>\n<p class=\"sc-ksZaOG ehjQrN text-element\">Fid\u00e8le \u00e0 son num\u00e9ro d\u2019\u00e9quilibriste habituel<\/p>\n","protected":false},"excerpt":{"rendered":"C\u2019est un v\u00e9ritable jeu de dupe. Apr\u00e8s dix semaines de blocus humanitaire \u00e0 Gaza, le cabinet de s\u00e9curit\u00e9&hellip;\n","protected":false},"author":2,"featured_media":112705,"comment_status":"","ping_status":"","sticky":false,"template":"","format":"standard","meta":{"footnotes":""},"categories":[5],"tags":[11,1011,27,3517,3522,3519,14,664,3523,12,28],"class_list":{"0":"post-112704","1":"post","2":"type-post","3":"status-publish","4":"format-standard","5":"has-post-thumbnail","7":"category-international","8":"tag-actualites","9":"tag-fr","10":"tag-france","11":"tag-gaza-l-escalade","12":"tag-guerre-hamas-israel","13":"tag-hamas","14":"tag-international","15":"tag-israel","16":"tag-israel-palestine-conflit","17":"tag-news","18":"tag-world"},"share_on_mastodon":{"url":"https:\/\/pubeurope.com\/@fr\/114536570137666756","error":""},"_links":{"self":[{"href":"https:\/\/www.europesays.com\/fr\/wp-json\/wp\/v2\/posts\/112704","targetHints":{"allow":["GET"]}}],"collection":[{"href":"https:\/\/www.europesays.com\/fr\/wp-json\/wp\/v2\/posts"}],"about":[{"href":"https:\/\/www.europesays.com\/fr\/wp-json\/wp\/v2\/types\/post"}],"author":[{"embeddable":true,"href":"https:\/\/www.europesays.com\/fr\/wp-json\/wp\/v2\/users\/2"}],"replies":[{"embeddable":true,"href":"https:\/\/www.europesays.com\/fr\/wp-json\/wp\/v2\/comments?post=112704"}],"version-history":[{"count":0,"href":"https:\/\/www.europesays.com\/fr\/wp-json\/wp\/v2\/posts\/112704\/revisions"}],"wp:featuredmedia":[{"embeddable":true,"href":"https:\/\/www.europesays.com\/fr\/wp-json\/wp\/v2\/media\/112705"}],"wp:attachment":[{"href":"https:\/\/www.europesays.com\/fr\/wp-json\/wp\/v2\/media?parent=112704"}],"wp:term":[{"taxonomy":"category","embeddable":true,"href":"https:\/\/www.europesays.com\/fr\/wp-json\/wp\/v2\/categories?post=112704"},{"taxonomy":"post_tag","embeddable":true,"href":"https:\/\/www.europesays.com\/fr\/wp-json\/wp\/v2\/tags?post=112704"}],"curies":[{"name":"wp","href":"https:\/\/api.w.org\/{rel}","templated":true}]}}