{"id":1127076,"date":"2026-08-14T20:19:44","date_gmt":"2026-08-14T20:19:44","guid":{"rendered":"https:\/\/www.europesays.com\/fr\/1127076\/"},"modified":"2026-08-14T20:19:44","modified_gmt":"2026-08-14T20:19:44","slug":"en-direct-fischer-sauve-les-grenats-suivez-le-match-du-fc-metz-a-grenoble","status":"publish","type":"post","link":"https:\/\/www.europesays.com\/fr\/1127076\/","title":{"rendered":"En direct. Fischer sauve les Grenats : suivez le match du FC Metz \u00e0 Grenoble"},"content":{"rendered":"<p>&#13;<br \/>\n                                                    En direct&#13;<br \/>\n                        &#13;\n                                            <\/p>\n<p>Apr\u00e8s son succ\u00e8s inaugural sur Guingamp (2-1), le FC Metz de Luc Holtz effectue son premier d\u00e9placement de la saison, ce vendredi sur la pelouse de Grenoble. Avec l&rsquo;ambition d&rsquo;encha\u00eener, bien entendu.<\/p>\n<p>&#13;<br \/>\n              Angelo Salemi, \u00e0 Grenoble &#8211; &#13;<br \/>\n        &#13;<br \/>\n          Aujourd&rsquo;hui \u00e0 12:00&#13;<br \/>\n    &#13;<br \/>\n                  | mis \u00e0 jour aujourd&rsquo;hui \u00e0 22:17&#13;<br \/>\n              &#8211; Temps de lecture : &#13;<br \/>\n  &#13;\n<\/p>\n<p>                        &#13;<br \/>\n    &#13;<br \/>\n    &#13;<br \/>\n    <a href=\"https:\/\/cdn-s-www.republicain-lorrain.fr\/images\/14503769-F24B-4820-ADC8-BD2B10184CB8\/NW_raw\/title-1786642976.jpg\" title=\"\" class=\"chocolat-image GA-tracking\" data-ga_type=\"click\" data-ga_category=\"D\u00e9tail\" data-ga_action=\"zoomer\" data-ga_label=\"aggrandir image\" rel=\"nofollow noopener\" target=\"_blank\">&#13;<br \/>\n        <img src=\"https:\/\/www.europesays.com\/fr\/wp-content\/uploads\/2026\/08\/title-1786642976.jpg\"   alt=\"\" fetchpriority=\"high\" decoding=\"async\" data-mobile=\"NW_detail_M|1786642976\" data-base=\"NW_detail|1786642976\"\/>&#13;<br \/>\n    <\/a>&#13;<\/p>\n","protected":false},"excerpt":{"rendered":"&#13; En direct&#13; &#13; Apr\u00e8s son succ\u00e8s inaugural sur Guingamp (2-1), le FC Metz de Luc Holtz effectue&hellip;\n","protected":false},"author":2,"featured_media":1127077,"comment_status":"","ping_status":"","sticky":false,"template":"","format":"standard","meta":{"footnotes":"","_share_on_mastodon":"0"},"categories":[9566],"tags":[1111,11,2430,3545,5598,1777,674,8113,107,63,1011,27,2731,6212,12,25,517,1700],"class_list":["post-1127076","post","type-post","status-publish","format-standard","has-post-thumbnail","category-grenoble","tag-actu","tag-actualites","tag-auvergne-rhone-alpes","tag-direct-sport","tag-edition-metz-et-agglomeration","tag-eu","tag-europe","tag-fc-metz","tag-fil-info","tag-football","tag-fr","tag-france","tag-grenoble","tag-metz","tag-news","tag-republique-francaise","tag-sport","tag-sport-lorrain"],"share_on_mastodon":{"url":"https:\/\/pubeurope.com\/@fr\/117095719905389767","error":""},"_links":{"self":[{"href":"https:\/\/www.europesays.com\/fr\/wp-json\/wp\/v2\/posts\/1127076","targetHints":{"allow":["GET"]}}],"collection":[{"href":"https:\/\/www.europesays.com\/fr\/wp-json\/wp\/v2\/posts"}],"about":[{"href":"https:\/\/www.europesays.com\/fr\/wp-json\/wp\/v2\/types\/post"}],"author":[{"embeddable":true,"href":"https:\/\/www.europesays.com\/fr\/wp-json\/wp\/v2\/users\/2"}],"replies":[{"embeddable":true,"href":"https:\/\/www.europesays.com\/fr\/wp-json\/wp\/v2\/comments?post=1127076"}],"version-history":[{"count":0,"href":"https:\/\/www.europesays.com\/fr\/wp-json\/wp\/v2\/posts\/1127076\/revisions"}],"wp:featuredmedia":[{"embeddable":true,"href":"https:\/\/www.europesays.com\/fr\/wp-json\/wp\/v2\/media\/1127077"}],"wp:attachment":[{"href":"https:\/\/www.europesays.com\/fr\/wp-json\/wp\/v2\/media?parent=1127076"}],"wp:term":[{"taxonomy":"category","embeddable":true,"href":"https:\/\/www.europesays.com\/fr\/wp-json\/wp\/v2\/categories?post=1127076"},{"taxonomy":"post_tag","embeddable":true,"href":"https:\/\/www.europesays.com\/fr\/wp-json\/wp\/v2\/tags?post=1127076"}],"curies":[{"name":"wp","href":"https:\/\/api.w.org\/{rel}","templated":true}]}}