{"id":112711,"date":"2025-05-19T21:18:09","date_gmt":"2025-05-19T21:18:09","guid":{"rendered":"https:\/\/www.europesays.com\/fr\/112711\/"},"modified":"2025-05-19T21:18:09","modified_gmt":"2025-05-19T21:18:09","slug":"un-bd-concert-ce-mercredi-au-theatre-copeau","status":"publish","type":"post","link":"https:\/\/www.europesays.com\/fr\/112711\/","title":{"rendered":"un BD-concert ce mercredi au th\u00e9\u00e2tre Copeau"},"content":{"rendered":"<p>Ce spectacle propose une immersion dans l\u2019univers du dessinateur suisse Krum et de sa bande dessin\u00e9e \u00ab\u00a0L\u2019au-dessus\u00a0\u00bb, en m\u00e9langeant musique, bruitages, motion design, sc\u00e9nographie et mise en lumi\u00e8re. Une cr\u00e9ation collective qui donne vie aux personnages et les plonge dans un espace \u00e0 la fois immersif, puissant, hypnotique, vivant et organique.<\/p>\n<p class=\"note\">Mercredi\u00a021 \u00e0 15\u00a0h et samedi 24\u00a0mai \u00e0 16\u00a0h. Th\u00e9\u00e2tre Copeau. Tarif unique\u00a0: 17\u00a0\u20ac. Renseignements\u00a0: www.opera.saint-etienne.fr<\/p>\n","protected":false},"excerpt":{"rendered":"Ce spectacle propose une immersion dans l\u2019univers du dessinateur suisse Krum et de sa bande dessin\u00e9e \u00ab\u00a0L\u2019au-dessus\u00a0\u00bb, en&hellip;\n","protected":false},"author":2,"featured_media":112712,"comment_status":"","ping_status":"","sticky":false,"template":"","format":"standard","meta":{"footnotes":""},"categories":[9653],"tags":[1111,11,2430,1687,7539,1777,674,1011,27,12,25,4001,7538,3140],"class_list":{"0":"post-112711","1":"post","2":"type-post","3":"status-publish","4":"format-standard","5":"has-post-thumbnail","7":"category-saint-etienne","8":"tag-actu","9":"tag-actualites","10":"tag-auvergne-rhone-alpes","11":"tag-culture-loisirs","12":"tag-edition-loire-sud","13":"tag-eu","14":"tag-europe","15":"tag-fr","16":"tag-france","17":"tag-news","18":"tag-republique-francaise","19":"tag-saint-etienne","20":"tag-saint-etienne-ville","21":"tag-spectacle"},"share_on_mastodon":{"url":"https:\/\/pubeurope.com\/@fr\/114536585827281002","error":""},"_links":{"self":[{"href":"https:\/\/www.europesays.com\/fr\/wp-json\/wp\/v2\/posts\/112711","targetHints":{"allow":["GET"]}}],"collection":[{"href":"https:\/\/www.europesays.com\/fr\/wp-json\/wp\/v2\/posts"}],"about":[{"href":"https:\/\/www.europesays.com\/fr\/wp-json\/wp\/v2\/types\/post"}],"author":[{"embeddable":true,"href":"https:\/\/www.europesays.com\/fr\/wp-json\/wp\/v2\/users\/2"}],"replies":[{"embeddable":true,"href":"https:\/\/www.europesays.com\/fr\/wp-json\/wp\/v2\/comments?post=112711"}],"version-history":[{"count":0,"href":"https:\/\/www.europesays.com\/fr\/wp-json\/wp\/v2\/posts\/112711\/revisions"}],"wp:featuredmedia":[{"embeddable":true,"href":"https:\/\/www.europesays.com\/fr\/wp-json\/wp\/v2\/media\/112712"}],"wp:attachment":[{"href":"https:\/\/www.europesays.com\/fr\/wp-json\/wp\/v2\/media?parent=112711"}],"wp:term":[{"taxonomy":"category","embeddable":true,"href":"https:\/\/www.europesays.com\/fr\/wp-json\/wp\/v2\/categories?post=112711"},{"taxonomy":"post_tag","embeddable":true,"href":"https:\/\/www.europesays.com\/fr\/wp-json\/wp\/v2\/tags?post=112711"}],"curies":[{"name":"wp","href":"https:\/\/api.w.org\/{rel}","templated":true}]}}