{"id":112715,"date":"2025-05-19T21:20:49","date_gmt":"2025-05-19T21:20:49","guid":{"rendered":"https:\/\/www.europesays.com\/fr\/112715\/"},"modified":"2025-05-19T21:20:49","modified_gmt":"2025-05-19T21:20:49","slug":"nancy-la-grande-echelle-deployee-sur-la-place-stanislas","status":"publish","type":"post","link":"https:\/\/www.europesays.com\/fr\/112715\/","title":{"rendered":"Nancy. La grande \u00e9chelle d\u00e9ploy\u00e9e sur la place Stanislas"},"content":{"rendered":"<p>Spectaculaire intervention des pompiers, ce lundi, en milieu d\u2019apr\u00e8s-midi, \u00e0 Nancy. Les soldats du feu ont en effet d\u00e9ploy\u00e9 la grande \u00e9chelle sur la place Stanislas pour pouvoir proc\u00e9der \u00e0 l\u2019\u00e9vacuation sanitaire d\u2019un riverain qui avait fait un malaise. Le tout s\u2019est d\u00e9roul\u00e9 sous le regard curieux, ou inquiet, des badauds en balade ou en train de siroter un verre en terrasse.<\/p>\n","protected":false},"excerpt":{"rendered":"Spectaculaire intervention des pompiers, ce lundi, en milieu d\u2019apr\u00e8s-midi, \u00e0 Nancy. Les soldats du feu ont en effet&hellip;\n","protected":false},"author":2,"featured_media":112716,"comment_status":"","ping_status":"","sticky":false,"template":"","format":"standard","meta":{"footnotes":""},"categories":[9635],"tags":[1111,11,1704,1777,674,274,1011,27,775,3457,1702,1703,12,25],"class_list":{"0":"post-112715","1":"post","2":"type-post","3":"status-publish","4":"format-standard","5":"has-post-thumbnail","7":"category-nancy","8":"tag-actu","9":"tag-actualites","10":"tag-edition-nancy-et-agglomeration","11":"tag-eu","12":"tag-europe","13":"tag-faits-divers-justice","14":"tag-fr","15":"tag-france","16":"tag-grand-est","17":"tag-meurthe-et-moselle","18":"tag-nancy","19":"tag-nancy-ville-54b","20":"tag-news","21":"tag-republique-francaise"},"share_on_mastodon":{"url":"https:\/\/pubeurope.com\/@fr\/114536597666359023","error":""},"_links":{"self":[{"href":"https:\/\/www.europesays.com\/fr\/wp-json\/wp\/v2\/posts\/112715","targetHints":{"allow":["GET"]}}],"collection":[{"href":"https:\/\/www.europesays.com\/fr\/wp-json\/wp\/v2\/posts"}],"about":[{"href":"https:\/\/www.europesays.com\/fr\/wp-json\/wp\/v2\/types\/post"}],"author":[{"embeddable":true,"href":"https:\/\/www.europesays.com\/fr\/wp-json\/wp\/v2\/users\/2"}],"replies":[{"embeddable":true,"href":"https:\/\/www.europesays.com\/fr\/wp-json\/wp\/v2\/comments?post=112715"}],"version-history":[{"count":0,"href":"https:\/\/www.europesays.com\/fr\/wp-json\/wp\/v2\/posts\/112715\/revisions"}],"wp:featuredmedia":[{"embeddable":true,"href":"https:\/\/www.europesays.com\/fr\/wp-json\/wp\/v2\/media\/112716"}],"wp:attachment":[{"href":"https:\/\/www.europesays.com\/fr\/wp-json\/wp\/v2\/media?parent=112715"}],"wp:term":[{"taxonomy":"category","embeddable":true,"href":"https:\/\/www.europesays.com\/fr\/wp-json\/wp\/v2\/categories?post=112715"},{"taxonomy":"post_tag","embeddable":true,"href":"https:\/\/www.europesays.com\/fr\/wp-json\/wp\/v2\/tags?post=112715"}],"curies":[{"name":"wp","href":"https:\/\/api.w.org\/{rel}","templated":true}]}}