{"id":1127282,"date":"2026-08-14T22:41:24","date_gmt":"2026-08-14T22:41:24","guid":{"rendered":"https:\/\/www.europesays.com\/fr\/1127282\/"},"modified":"2026-08-14T22:41:24","modified_gmt":"2026-08-14T22:41:24","slug":"guerre-au-moyen-orient-trump-dit-quil-va-bientot-declarer-que-le-detroit-dormuz-est-un-territoire-des-etats-unis","status":"publish","type":"post","link":"https:\/\/www.europesays.com\/fr\/1127282\/","title":{"rendered":"Guerre au Moyen-Orient : Trump dit qu\u2019il va \u00abbient\u00f4t\u00bb d\u00e9clarer que le d\u00e9troit d\u2019Ormuz est \u00abun territoire des \u00c9tats-Unis\u00bb"},"content":{"rendered":"<p>\n    Le pr\u00e9sident am\u00e9ricain r\u00e9p\u00e8te que les \u00c9tats-Unis ont le \u00abcontr\u00f4le\u00bb du d\u00e9troit d\u2019Ormuz, une affirmation que T\u00e9h\u00e9ran a qualifi\u00e9e de \u00abmensonge\u00bb.<\/p>\n<p class=\"fig-paragraph\">Le pr\u00e9sident am\u00e9ricain\u00a0<a href=\"http:\/\/www.lefigaro.fr\/international\/coup-de-tonnerre-dans-l-us-navy-trump-ordonne-l-abandon-des-catapultes-electromagnetiques-pour-les-prochains-porte-avions-20260814\" data-fig-type=\"NewsFlash\" data-gtm-custom-categorie=\"navigation\" data-gtm-custom-action=\"crossclick\" data-gtm-custom-label=\"Contextuel\" data-gtm-event=\"customEventSPE\" data-fig-domain=\"LEFIGARO\" rel=\"nofollow noopener\" target=\"_blank\">Donald Trump<\/a>\u00a0a d\u00e9clar\u00e9 vendredi qu\u2019une fois l\u2019Iran battu, il d\u00e9clarerait le tr\u00e8s strat\u00e9gique\u00a0<a href=\"http:\/\/www.lefigaro.fr\/international\/les-emirats-condamnent-fermement-une-attaque-iranienne-contre-deux-navires-dans-le-detroit-d-ormuz-20260813\" data-fig-type=\"NewsFlash\" data-gtm-custom-categorie=\"navigation\" data-gtm-custom-action=\"crossclick\" data-gtm-custom-label=\"Contextuel\" data-gtm-event=\"customEventSPE\" data-fig-domain=\"LEFIGARO\" rel=\"nofollow noopener\" target=\"_blank\">d\u00e9troit d\u2019Ormuz<\/a>\u00a0comme un \u00abterritoire des \u00c9tats-Unis\u00bb, sur un ton laissant penser qu\u2019il plaisantait. Il a aussi d\u00e9fendu sa d\u00e9cision d\u2019entrer en guerre pour emp\u00eacher l\u2019Iran de se doter de l\u2019arme nucl\u00e9aire, disant qu\u2019il ne s\u2019\u00abexcuserait jamais\u00bb pour cela en d\u00e9pit de la hausse du prix du carburant subie par les Am\u00e9ricains.<\/p>\n<p class=\"fig-paragraph\">\u00abUne fois que nous aurons fini de battre l\u2019Iran (&#8230;), bient\u00f4t je d\u00e9clarerai le d\u00e9troit d\u2019Ormuz comme \u00e9tant un territoire des \u00c9tats-Unis\u00bb, a dit le pr\u00e9sident am\u00e9ricain, avec un petit sourire, pendant un meeting \u00e0 Garden City, pr\u00e8s de New York. Donald Trump r\u00e9p\u00e8te que les \u00c9tats-Unis ont le \u00abcontr\u00f4le\u00bb du d\u00e9troit d\u2019Ormuz, une affirmation que T\u00e9h\u00e9ran a qualifi\u00e9e de \u00abmensonge\u00bb.<\/p>\n<p>                                            <a class=\"fig-a11y-skip\" href=\"#fig-a11y-skip-main-inarticle\" is=\"fig-a11y-skip\" data-trigger-mode=\"visible-once\"><br \/>\n    Passer la publicit\u00e9<br \/>\n<\/a>            <\/p>\n<p class=\"fig-paragraph\">Dans les faits, ce passage strat\u00e9gique pour le commerce mondial de p\u00e9trole est verrouill\u00e9 par l\u2019Iran depuis le d\u00e9but de la guerre, alors que les \u00c9tats-Unis imposent de leur c\u00f4t\u00e9 un blocus aux ports iraniens. L\u2019Iran n\u2019aura \u00abjamais l\u2019arme nucl\u00e9aire\u00bb, a aussi affirm\u00e9 Donald Trump. \u00abSi vous devez payer un peu plus\u00bb pour l\u2019essence, \u00abc\u2019est ok. (&#8230;) Je ne m\u2019excuserai jamais. J\u2019ai pris la bonne d\u00e9cision\u00bb, a-t-il d\u00e9clar\u00e9.<\/p>\n<p>                                            Le prix de l\u2019essence en hausse de plus de 35% aux \u00c9tats-Unis<\/p>\n<p class=\"fig-paragraph\">Par rapport au niveau d\u2019avant la guerre, le prix de l\u2019essence aux \u00c9tats-Unis s\u2019affichait vendredi en hausse de plus de 35%. Le conflit est impopulaire et le m\u00e9contentement des m\u00e9nages face au co\u00fbt de la vie vaut \u00e0 la cote de popularit\u00e9 de Donald Trump d\u2019avoir fortement baiss\u00e9. Cette d\u00e9fense du conflit en Iran vient juste apr\u00e8s que le vice-pr\u00e9sident JD Vance a tenu un discours un peu diff\u00e9rent sur les objectifs poursuivis.<\/p>\n<p class=\"fig-paragraph\">\u00abLe p\u00e9trole a baiss\u00e9 et il est beaucoup plus bas que les sommets atteints au d\u00e9but du conflit. Voil\u00e0 l\u2019objectif num\u00e9ro un, faire en sorte que le p\u00e9trole et l\u2019essence restent bon march\u00e9 pour les Am\u00e9ricains\u00bb, a-t-il dit sur la cha\u00eene Fox News. \u00abEt ensuite l\u2019objectif num\u00e9ro deux est \u00e9videmment d\u2019assurer que l\u2019Iran ne se dote jamais de l\u2019arme nucl\u00e9aire\u00bb, a ajout\u00e9 JD Vance, en d\u00e9clarant: \u00abJe pense que nous sommes en train de r\u00e9aliser ces deux objectifs.\u00bb<\/p>\n","protected":false},"excerpt":{"rendered":"Le pr\u00e9sident am\u00e9ricain r\u00e9p\u00e8te que les \u00c9tats-Unis ont le \u00abcontr\u00f4le\u00bb du d\u00e9troit d\u2019Ormuz, une affirmation que T\u00e9h\u00e9ran a&hellip;\n","protected":false},"author":2,"featured_media":1127283,"comment_status":"","ping_status":"","sticky":false,"template":"","format":"standard","meta":{"footnotes":"","_share_on_mastodon":"0"},"categories":[5],"tags":[11,105927,73,1011,27,14,3019,12,28],"class_list":["post-1127282","post","type-post","status-publish","format-standard","has-post-thumbnail","category-international","tag-actualites","tag-detroit-d-ormuz","tag-etats-unis","tag-fr","tag-france","tag-international","tag-iran","tag-news","tag-world"],"share_on_mastodon":{"url":"https:\/\/pubeurope.com\/@fr\/117096276735176325","error":""},"_links":{"self":[{"href":"https:\/\/www.europesays.com\/fr\/wp-json\/wp\/v2\/posts\/1127282","targetHints":{"allow":["GET"]}}],"collection":[{"href":"https:\/\/www.europesays.com\/fr\/wp-json\/wp\/v2\/posts"}],"about":[{"href":"https:\/\/www.europesays.com\/fr\/wp-json\/wp\/v2\/types\/post"}],"author":[{"embeddable":true,"href":"https:\/\/www.europesays.com\/fr\/wp-json\/wp\/v2\/users\/2"}],"replies":[{"embeddable":true,"href":"https:\/\/www.europesays.com\/fr\/wp-json\/wp\/v2\/comments?post=1127282"}],"version-history":[{"count":0,"href":"https:\/\/www.europesays.com\/fr\/wp-json\/wp\/v2\/posts\/1127282\/revisions"}],"wp:featuredmedia":[{"embeddable":true,"href":"https:\/\/www.europesays.com\/fr\/wp-json\/wp\/v2\/media\/1127283"}],"wp:attachment":[{"href":"https:\/\/www.europesays.com\/fr\/wp-json\/wp\/v2\/media?parent=1127282"}],"wp:term":[{"taxonomy":"category","embeddable":true,"href":"https:\/\/www.europesays.com\/fr\/wp-json\/wp\/v2\/categories?post=1127282"},{"taxonomy":"post_tag","embeddable":true,"href":"https:\/\/www.europesays.com\/fr\/wp-json\/wp\/v2\/tags?post=1127282"}],"curies":[{"name":"wp","href":"https:\/\/api.w.org\/{rel}","templated":true}]}}