{"id":1127294,"date":"2026-08-14T22:51:13","date_gmt":"2026-08-14T22:51:13","guid":{"rendered":"https:\/\/www.europesays.com\/fr\/1127294\/"},"modified":"2026-08-14T22:51:13","modified_gmt":"2026-08-14T22:51:13","slug":"photos-las-nancy-lorraine-trebuche-face-a-montpellier-pour-sa-premiere-de-la-saison-au-stade-marcel-picot","status":"publish","type":"post","link":"https:\/\/www.europesays.com\/fr\/1127294\/","title":{"rendered":"Photos . L&rsquo;AS Nancy-Lorraine tr\u00e9buche face \u00e0 Montpellier pour sa premi\u00e8re de la saison au stade Marcel-Picot"},"content":{"rendered":"<p>Pour son retour \u00e0 Marcel-Picot \u00e0 l&rsquo;occasion de cette deuxi\u00e8me journ\u00e9e de Ligue 2 ce vendredi soir, l&rsquo;ASNL a \u00e9t\u00e9 domin\u00e9e par Montpellier 1-0. Les Nanc\u00e9iens n&rsquo;ont pas d\u00e9m\u00e9rit\u00e9 et se sont battus jusqu&rsquo;au bout, mais les Montpelli\u00e9rains, qui avaient trouv\u00e9 la faille en deuxi\u00e8me p\u00e9riode gr\u00e2ce \u00e0 une r\u00e9alisation d&rsquo;Issoufou (72e), ont su r\u00e9sister pour l&#8217;emporter. Les images de la rencontre.<\/p>\n<p>&#13;<br \/>\n              Photos C\u00e9dric Jacquot &#8211; &#13;<br \/>\n        &#13;<br \/>\n          Hier \u00e0 22:40&#13;<br \/>\n    &#13;<br \/>\n                  | mis \u00e0 jour hier \u00e0 23:57&#13;<br \/>\n              &#8211; Temps de lecture : &#13;<br \/>\n  &#13;<\/p>\n","protected":false},"excerpt":{"rendered":"Pour son retour \u00e0 Marcel-Picot \u00e0 l&rsquo;occasion de cette deuxi\u00e8me journ\u00e9e de Ligue 2 ce vendredi soir, l&rsquo;ASNL&hellip;\n","protected":false},"author":2,"featured_media":1127295,"comment_status":"","ping_status":"","sticky":false,"template":"","format":"standard","meta":{"footnotes":"","_share_on_mastodon":"0"},"categories":[9635],"tags":[1111,11,3703,1707,1704,1706,1705,1777,674,107,1701,63,1011,27,5325,2798,9540,775,1702,12,25,517,1700],"class_list":["post-1127294","post","type-post","status-publish","format-standard","has-post-thumbnail","category-nancy","tag-actu","tag-actualites","tag-asnl","tag-edition-luneville","tag-edition-nancy-et-agglomeration","tag-edition-pont-a-mousson","tag-edition-toul","tag-eu","tag-europe","tag-fil-info","tag-fil-info-sport","tag-football","tag-fr","tag-france","tag-galerie-media","tag-galerie-photo","tag-galerie-sport","tag-grand-est","tag-nancy","tag-news","tag-republique-francaise","tag-sport","tag-sport-lorrain"],"share_on_mastodon":{"url":"https:\/\/pubeurope.com\/@fr\/117096316024418881","error":""},"_links":{"self":[{"href":"https:\/\/www.europesays.com\/fr\/wp-json\/wp\/v2\/posts\/1127294","targetHints":{"allow":["GET"]}}],"collection":[{"href":"https:\/\/www.europesays.com\/fr\/wp-json\/wp\/v2\/posts"}],"about":[{"href":"https:\/\/www.europesays.com\/fr\/wp-json\/wp\/v2\/types\/post"}],"author":[{"embeddable":true,"href":"https:\/\/www.europesays.com\/fr\/wp-json\/wp\/v2\/users\/2"}],"replies":[{"embeddable":true,"href":"https:\/\/www.europesays.com\/fr\/wp-json\/wp\/v2\/comments?post=1127294"}],"version-history":[{"count":0,"href":"https:\/\/www.europesays.com\/fr\/wp-json\/wp\/v2\/posts\/1127294\/revisions"}],"wp:featuredmedia":[{"embeddable":true,"href":"https:\/\/www.europesays.com\/fr\/wp-json\/wp\/v2\/media\/1127295"}],"wp:attachment":[{"href":"https:\/\/www.europesays.com\/fr\/wp-json\/wp\/v2\/media?parent=1127294"}],"wp:term":[{"taxonomy":"category","embeddable":true,"href":"https:\/\/www.europesays.com\/fr\/wp-json\/wp\/v2\/categories?post=1127294"},{"taxonomy":"post_tag","embeddable":true,"href":"https:\/\/www.europesays.com\/fr\/wp-json\/wp\/v2\/tags?post=1127294"}],"curies":[{"name":"wp","href":"https:\/\/api.w.org\/{rel}","templated":true}]}}