{"id":1127306,"date":"2026-08-14T23:01:19","date_gmt":"2026-08-14T23:01:19","guid":{"rendered":"https:\/\/www.europesays.com\/fr\/1127306\/"},"modified":"2026-08-14T23:01:19","modified_gmt":"2026-08-14T23:01:19","slug":"au-bout-de-lennui-le-fc-metz-ramene-un-point-de-grenoble","status":"publish","type":"post","link":"https:\/\/www.europesays.com\/fr\/1127306\/","title":{"rendered":"Au bout de l&rsquo;ennui, le FC Metz ram\u00e8ne un point de Grenoble"},"content":{"rendered":"<p>\t\t\t\t\t55<\/p>\n<p class=\"wp-block-paragraph\"><strong>Le FC Metz se contente d\u2019un match nul (0-0) apr\u00e8s son d\u00e9placement sur la pelouse du Grenoble Foot 38. Un visage poussif qu\u2019il conviendra de changer afin de mener \u00e0 bien l\u2019objectif de remont\u00e9e en Ligue 1. <\/strong><\/p>\n<p class=\"wp-block-paragraph\">Un petit point. C\u2019est tout ce que le FC Metz a pu ramener de son d\u00e9placement \u00e0 Grenoble, vendredi 14 ao\u00fbt. Au terme d\u2019une partie des plus soporifiques, Is\u00e9rois et Mosellans se sont quitt\u00e9s bons amis, sur un score nul et vierge (0-0). Poussif mais victorieux une semaine plus t\u00f4t dans son antre <a href=\"https:\/\/letsgometz.com\/le-fc-metz-remporte-son-premier-succes-de-la-saison-face-a-guingamp\/\" data-type=\"link\" data-id=\"https:\/\/letsgometz.com\/le-fc-metz-remporte-son-premier-succes-de-la-saison-face-a-guingamp\/\" target=\"_blank\" rel=\"noreferrer noopener nofollow\">contre l\u2019En Avant Guingamp<\/a>, le club \u00e0 la Croix de Lorraine n\u2019a cette fois pas su trouver le chemin des filets au stade des Alpes, tant son animation offensive s\u2019est av\u00e9r\u00e9e pauvre. Le football offensif de Luc Holtz \u2013 pr\u00e9sent\u00e9 ainsi par les dirigeants messins \u2013 peine encore \u00e0 montrer le bout de son nez. Le FC Metz est pour le moment loin d\u2019\u00eatre pr\u00eat \u00e0 assumer un statut de favori l\u00e9gitime \u00e0 la mont\u00e9e. Une tonne de boulot attend les Grenats dans les prochaines semaines.<\/p>\n<p>De rares \u00e9claircies<\/p>\n<p><img fetchpriority=\"high\" decoding=\"async\" width=\"1200\" height=\"800\" src=\"https:\/\/www.europesays.com\/fr\/wp-content\/uploads\/2026\/08\/LD6A7477-1200x800.jpg\" alt=\"\" class=\"wp-image-120845\"  \/><\/p>\n<p class=\"wp-block-paragraph\">Bouscul\u00e9 mais pas vraiment mis en danger en d\u00e9but de rencontre, le FC Metz ne s\u2019est que trop rarement montr\u00e9 dangereux face au GF38. De rares occasions principalement amen\u00e9es par Giorgi Abuashvili. Suite \u00e0 un corner, le G\u00e9orgien aurait pu se muer en un dr\u00f4le de passeur d\u00e9cisif lorsque la t\u00eate du Grenoblois Jean-Guy Akpa Akpro heurtait le poteau de son propre gardien (22\u2032).<\/p>\n<p>L\u2019ailier gauche messin tentait quelques instants plus tard de se jouer du portier adverse avec un nouveau corner pas loin de rentrer directement dans les cages is\u00e9roises (26\u2032). Sa frappe du pied gauche aurait pu donner les commandes au FC Metz mais passait de peu \u00e0 c\u00f4t\u00e9 (37\u2032). De l\u2019autre c\u00f4t\u00e9 de l\u2019attaque, Nathan Mbala s\u2019est lui montr\u00e9 plut\u00f4t d\u00e9cevant.<\/p>\n<p>Le banc messin loin d\u2019\u00eatre impactant<\/p>\n<p><img loading=\"lazy\" decoding=\"async\" width=\"1200\" height=\"800\" src=\"https:\/\/www.europesays.com\/fr\/wp-content\/uploads\/2026\/08\/B49A7542-1200x800.jpg\" alt=\"\" class=\"wp-image-120855\"  \/><\/p>\n<p class=\"wp-block-paragraph\">Plut\u00f4t transparent, Pape Moussa Fall a laiss\u00e9 sa place au v\u00e9t\u00e9ran Habib Diallo \u00e0 la pause. Malgr\u00e9 une <a href=\"https:\/\/x.com\/AngeloSalemi\/status\/2088375241856704667?s=20\" data-type=\"link\" data-id=\"https:\/\/x.com\/AngeloSalemi\/status\/2088375241856704667?s=20\" target=\"_blank\" rel=\"noreferrer noopener nofollow\">\u00ab\u00a0bonne semaine d\u2019entra\u00eenement\u00a0\u00bb<\/a>, l\u2019ancien Strasbourgeois a sign\u00e9 une entr\u00e9e \u00e0 l\u2019image de ce qu\u2019il propose depuis son retour au FC Metz \u00e0 l\u2019\u00e9t\u00e9 2025.<\/p>\n<p>Celle d\u2019un attaquant qui ne sent plus vraiment les coups, \u00e0 des ann\u00e9es lumi\u00e8res du tueur qu\u2019il fut au firmament de sa carri\u00e8re. En t\u00e9moignent ses deux occasions (90\u2019+1, 90\u2019+3), manqu\u00e9es, de donner la victoire aux siens. La r\u00e9demption attendra encore un peu.<\/p>\n<p>Autre attaquant entr\u00e9 en jeu, Ibou San\u00e9 s\u2019est lui surtout distingu\u00e9 par ses nombreuses et habituelles impr\u00e9cisions techniques. Le jeune Hamza Kadamani, qui a remplac\u00e9 Munongo \u00e0 l\u2019heure de jeu, a de son c\u00f4t\u00e9 amen\u00e9 un peu de peps dans le jeu messin sans parvenir \u00e0 faire la d\u00e9cision.<\/p>\n<p>Un FC Metz solide d\u00e9fensivement<\/p>\n<p><img loading=\"lazy\" decoding=\"async\" width=\"1200\" height=\"800\" src=\"https:\/\/www.europesays.com\/fr\/wp-content\/uploads\/2026\/08\/B49A7411-1200x800.jpg\" alt=\"\" class=\"wp-image-120867\"  \/><\/p>\n<p class=\"wp-block-paragraph\">C\u2019est sans nul doute la grande satisfaction du d\u00e9placement \u00e0 Grenoble. La d\u00e9fense du FC Metz a r\u00e9alis\u00e9 son premier clean sheet de la saison. Une prestation collective d\u00e9fensive aboutie, valoris\u00e9e par Jonathan Fischer, de nouveau d\u00e9cisif (47\u2032, 59\u2032) apr\u00e8s sa bonne partie contre Guingamp.<\/p>\n<p><a href=\"https:\/\/letsgometz.com\/bryan-song-passe-professionnel-au-fc-metz\/\" data-type=\"post\" data-id=\"120378\" target=\"_blank\" rel=\"noreferrer noopener nofollow\">Le n\u00e9o professionnel Bryan Song<\/a>, titulaire pour la premi\u00e8re fois en Ligue 2 suite aux forfaits de Bouna Sarr et Maxime Colin, a fait preuve de rigueur et s\u2019est parfaitement mis dans le moule d\u2019une d\u00e9fense s\u00e9rieuse. Le lat\u00e9ral droit s\u2019est m\u00eame permis quelques incursions int\u00e9ressantes dans le camp grenoblois.<\/p>\n<p>Il faudra toutefois bien plus qu\u2019une arri\u00e8re-garde solide au club \u00e0 la Croix de Lorraine pour atteindre son objectif de remont\u00e9e imm\u00e9diate. L\u2019arriv\u00e9e de T\u00e9ji Savanier pourrait aider Luc Holtz \u00e0 trouver une animation offensive autrement plus riche que ces deux p\u00e2les prestations inaugurales, qui ont tout de m\u00eame rapport\u00e9 quatre points sur six au FC Metz.<\/p>\n<p>Grenoble Foot 38 0-0 FC Metz<\/p>\n<p class=\"wp-block-paragraph\"><strong>Grenoble Foot 38<\/strong> : Olliero \u2013 Xantippe \u2013 Vidal \u2013 Limouri \u2013 Zahui \u2013 Magnin \u2013 Diaby (Bonnet, 88e) \u2013 Corboz \u2013 Mouazan (Bernadou, 88e) \u2013 Akpa Apro (Cerri, 71e) \u2013 Fofana<\/p>\n<p><strong>FC Metz<\/strong> : Fischer \u2013 Miguel \u2013 Ruiz \u2013 Devenish \u2013 Song \u2013 Mohamed (Mendy, 80e) \u2013 Munongo (Kadamani, 61e) \u2013 Deminguet \u2013 Abuashvili \u2013 Mbala (San\u00e9, 61e) \u2013 Fall (Diallo, 46e)<\/p>\n<p class=\"has-small-font-size wp-block-paragraph\"><strong>Cr\u00e9dit photo<\/strong> : Nicolas Martino \/ Let\u2019s Go Metz (archives)<\/p>\n","protected":false},"excerpt":{"rendered":"55 Le FC Metz se contente d\u2019un match nul (0-0) apr\u00e8s son d\u00e9placement sur la pelouse du Grenoble&hellip;\n","protected":false},"author":2,"featured_media":1127307,"comment_status":"","ping_status":"","sticky":false,"template":"","format":"standard","meta":{"footnotes":"","_share_on_mastodon":"0"},"categories":[9566],"tags":[1111,11,2430,1777,674,8113,1011,27,2731,21958,446,6212,12,25],"class_list":["post-1127306","post","type-post","status-publish","format-standard","has-post-thumbnail","category-grenoble","tag-actu","tag-actualites","tag-auvergne-rhone-alpes","tag-eu","tag-europe","tag-fc-metz","tag-fr","tag-france","tag-grenoble","tag-grenoble-foot-38","tag-ligue-2","tag-metz","tag-news","tag-republique-francaise"],"share_on_mastodon":{"url":"https:\/\/pubeurope.com\/@fr\/117096357380523636","error":""},"_links":{"self":[{"href":"https:\/\/www.europesays.com\/fr\/wp-json\/wp\/v2\/posts\/1127306","targetHints":{"allow":["GET"]}}],"collection":[{"href":"https:\/\/www.europesays.com\/fr\/wp-json\/wp\/v2\/posts"}],"about":[{"href":"https:\/\/www.europesays.com\/fr\/wp-json\/wp\/v2\/types\/post"}],"author":[{"embeddable":true,"href":"https:\/\/www.europesays.com\/fr\/wp-json\/wp\/v2\/users\/2"}],"replies":[{"embeddable":true,"href":"https:\/\/www.europesays.com\/fr\/wp-json\/wp\/v2\/comments?post=1127306"}],"version-history":[{"count":0,"href":"https:\/\/www.europesays.com\/fr\/wp-json\/wp\/v2\/posts\/1127306\/revisions"}],"wp:featuredmedia":[{"embeddable":true,"href":"https:\/\/www.europesays.com\/fr\/wp-json\/wp\/v2\/media\/1127307"}],"wp:attachment":[{"href":"https:\/\/www.europesays.com\/fr\/wp-json\/wp\/v2\/media?parent=1127306"}],"wp:term":[{"taxonomy":"category","embeddable":true,"href":"https:\/\/www.europesays.com\/fr\/wp-json\/wp\/v2\/categories?post=1127306"},{"taxonomy":"post_tag","embeddable":true,"href":"https:\/\/www.europesays.com\/fr\/wp-json\/wp\/v2\/tags?post=1127306"}],"curies":[{"name":"wp","href":"https:\/\/api.w.org\/{rel}","templated":true}]}}