{"id":1127795,"date":"2026-08-15T04:58:26","date_gmt":"2026-08-15T04:58:26","guid":{"rendered":"https:\/\/www.europesays.com\/fr\/1127795\/"},"modified":"2026-08-15T04:58:26","modified_gmt":"2026-08-15T04:58:26","slug":"promouvoir-la-cooperation-vietnam-ue-dans-le-developpement-des-infrastructures-vertes-et-des-transports-durables","status":"publish","type":"post","link":"https:\/\/www.europesays.com\/fr\/1127795\/","title":{"rendered":"Promouvoir la coop\u00e9ration Vietnam-UE dans le d\u00e9veloppement des infrastructures vertes et des transports durables."},"content":{"rendered":"<ul>\n<li>L&rsquo;UE doit renforcer ses capacit\u00e9s de d\u00e9fense int\u00e9rieure.<\/li>\n<li> Le syst\u00e8me de contr\u00f4le des importations 2 (ICS2) de l&rsquo;UE s&rsquo;appliquera au transport ferroviaire et routier.<\/li>\n<li> Forum commercial Vietnam-UE 2021\u00a0: Stimuler les entreprises dans la nouvelle normalit\u00e9.<\/li>\n<li> Plus de 30 agriculteurs ont \u00e9t\u00e9 form\u00e9s aux techniques d&rsquo;\u00e9levage de crevettes selon les normes biologiques de l&rsquo;UE. <\/li>\n<\/ul>\n<p><img loading=\"lazy\" decoding=\"async\" style=\"cursor:pointer\" class=\"zoomimg\" height=\"563\" src=\"https:\/\/www.europesays.com\/fr\/wp-content\/uploads\/2026\/08\/1786755141260_image.png\" width=\"1000\"\/><\/p>\n<p style=\"text-align: center;\"> Le ministre de la Construction, Tran Hong Minh, et d&rsquo;autres responsables <a class=\"data-link\" data-org-href=\"https:\/\/www.vietnam.vn\/fr\/authors\/moc-gov-vn\" href=\"https:\/\/www.vietnam.vn\/fr\/authors\/moc-gov-vn\" title=\"Minist\u00e8re de la Construction\" target=\"_blank\" rel=\"nofollow noopener\">du minist\u00e8re<\/a> posent pour une photo avec la d\u00e9l\u00e9gation de l&rsquo;Union europ\u00e9enne (UE) au Vietnam. (Photo\u00a0: site officiel du minist\u00e8re de la Construction)<\/p>\n<p> Les deux parties ont \u00e9chang\u00e9 leurs points de vue sur les orientations de coop\u00e9ration en mati\u00e8re de d\u00e9veloppement des infrastructures vertes, des transports durables , du transport ferroviaire \u00e0 grande vitesse et du renforcement de l&rsquo;application des technologies dans la gestion et l&rsquo;exploitation des infrastructures de transport.<\/p>\n<p> <strong>Promouvoir des programmes de coop\u00e9ration sp\u00e9cifiques.<\/strong><\/p>\n<p> Lors de cette r\u00e9union, l&rsquo;ambassadeur Julien Guerrier a salu\u00e9 les progr\u00e8s r\u00e9alis\u00e9s en mati\u00e8re de coop\u00e9ration entre l&rsquo;UE et le Vietnam ces derni\u00e8res ann\u00e9es, notamment dans le domaine des transports.<\/p>\n<p> Selon l\u2019ambassadeur Julien Guerrier, afin d\u2019approfondir, de renforcer et d\u2019am\u00e9liorer l\u2019efficacit\u00e9 de la coop\u00e9ration entre les deux parties, l\u2019UE esp\u00e8re que le minist\u00e8re de la Construction continuera de partager des informations sur les orientations et les priorit\u00e9s de d\u00e9veloppement dans les secteurs de la construction et des transports, notamment sur les programmes et projets sp\u00e9cifiques qui n\u00e9cessitent un soutien et une coop\u00e9ration internationaux.<\/p>\n<p> Dans le domaine des transports durables, l\u2019UE a lanc\u00e9 le programme d\u2019appui aux transports au Vietnam, dot\u00e9 de 40 millions d\u2019euros et pilot\u00e9 par l\u2019Agence fran\u00e7aise <a class=\"data-link\" data-org-href=\"https:\/\/www.vietnam.vn\/fr\/tag\/phat-trien\" href=\"https:\/\/www.vietnam.vn\/fr\/tag\/phat-trien\" title=\"D\u00e9velopper\" target=\"_blank\" rel=\"nofollow noopener\">de d\u00e9veloppement<\/a> (AFD). L\u2019UE collabore actuellement avec les autorit\u00e9s vietnamiennes \u00e0 l\u2019\u00e9laboration d\u2019un portefeuille de projets potentiels, ax\u00e9s sur trois axes\u00a0: le transport ferroviaire, la navigation int\u00e9rieure et les transports urbains.<\/p>\n<p> Concernant le secteur ferroviaire \u00e0 grande vitesse, l&rsquo;ambassadeur Julien Guerrier s&rsquo;est f\u00e9licit\u00e9 de la r\u00e9ception par la d\u00e9l\u00e9gation de l&rsquo;UE au Vietnam d&rsquo;une liste de 313 normes vietnamiennes en vue de la signature d&rsquo;un accord sur les droits d&rsquo;auteur. Il s&rsquo;agit d&rsquo;une \u00e9tape essentielle pour permettre au Vietnam d&rsquo;acc\u00e9der pleinement au syst\u00e8me de normes de l&rsquo;UE, contribuant ainsi \u00e0 faciliter la recherche, l&rsquo;examen et la s\u00e9lection des normes applicables aux projets ferroviaires \u00e0 grande vitesse.<\/p>\n<p> Par ailleurs, l\u2019UE m\u00e8ne des recherches pour soutenir la r\u00e9duction des \u00e9missions de carbone dans le secteur ferroviaire et se pr\u00e9pare \u00e0 lancer un programme d\u2019assistance technique afin de dresser un tableau complet des prestataires de services ferroviaires europ\u00e9ens.<\/p>\n<p> \u00ab Nous sommes toujours pr\u00eats \u00e0 partager notre exp\u00e9rience et \u00e0 soutenir le Vietnam dans la r\u00e9alisation de son objectif de devenir un pays d\u00e9velopp\u00e9 d&rsquo;ici 2045 \u00bb, a affirm\u00e9 l&rsquo;ambassadeur Julien Guerrier.<\/p>\n<p> <strong>Le Vietnam privil\u00e9gie le d\u00e9veloppement d&rsquo;infrastructures vertes et modernes.<\/strong><\/p>\n<p> S&rsquo;exprimant lors de la r\u00e9union, le ministre Tran Hong Minh a vivement salu\u00e9 le r\u00f4le et les contributions positives de l&rsquo;UE au d\u00e9veloppement du Vietnam et \u00e0 son processus d&rsquo;int\u00e9gration internationale. <\/p>\n<p><img loading=\"lazy\" decoding=\"async\" style=\"cursor:pointer\" class=\"zoomimg\" height=\"563\" src=\"https:\/\/www.europesays.com\/fr\/wp-content\/uploads\/2026\/08\/1786755144438_image-1.png\" width=\"1000\"\/><\/p>\n<p style=\"text-align: center;\"> Compte rendu de la s\u00e9ance de travail entre le minist\u00e8re de la Construction et la d\u00e9l\u00e9gation de l&rsquo;Union europ\u00e9enne (UE) au Vietnam. (Photo\u00a0: portail du minist\u00e8re de la Construction)<\/p>\n<p> Le ministre a d\u00e9clar\u00e9 que le soutien de l&rsquo;UE au d\u00e9veloppement des infrastructures, \u00e0 la transition \u00e9cologique et au d\u00e9veloppement durable a contribu\u00e9 \u00e0 am\u00e9liorer l&rsquo;efficacit\u00e9 de la gestion \u00e9tatique du minist\u00e8re de la Construction, tout en ouvrant davantage de possibilit\u00e9s de coop\u00e9ration dans les domaines prioritaires pour le Vietnam.<\/p>\n<p> Lors des discussions sur les orientations futures de la coop\u00e9ration, le ministre Tran Hong Minh a demand\u00e9 \u00e0 l&rsquo;UE de concentrer ses efforts sur le soutien au Vietnam dans deux domaines de travail cl\u00e9s.<\/p>\n<p> Premi\u00e8rement, soutenir le d\u00e9veloppement d\u2019un syst\u00e8me de mesure, de d\u00e9claration et de v\u00e9rification (MRV) des \u00e9missions, tout en promouvant le transfert de technologies d\u2019\u00e9nergie verte pour les locomotives et le mat\u00e9riel roulant.<\/p>\n<p> Deuxi\u00e8mement, soutenir la recherche et l\u2019\u00e9laboration de politiques visant \u00e0 promouvoir les transports publics \u00e0 faibles \u00e9missions, les transports intelligents et \u00e0 renforcer la connectivit\u00e9 avec les sources internationales de financement climatique.<\/p>\n<p> Concernant le cadre financier pluriannuel (CFP) pour la p\u00e9riode 2028-2034, le ministre Tran Hong Minh a demand\u00e9 \u00e0 l&rsquo;UE de continuer \u00e0 privil\u00e9gier les ressources pour le secteur ferroviaire et les transports durables ; et de soutenir le Vietnam dans le perfectionnement de ses politiques dans les domaines de l&rsquo;approvisionnement en eau et du drainage, du d\u00e9veloppement de l&rsquo;espace souterrain, des mod\u00e8les de d\u00e9veloppement urbain ax\u00e9s sur les transports (TOD) et de la promotion des investissements par le biais de partenariats public-priv\u00e9 (PPP).<\/p>\n<p> Dans le domaine des infrastructures routi\u00e8res et maritimes , le ministre a sugg\u00e9r\u00e9 que les deux parties renforcent leurs \u00e9changes et partagent leurs exp\u00e9riences sur les syst\u00e8mes de transport intelligents (STI), les applications d&rsquo;intelligence artificielle (IA), l&rsquo;Internet des objets (IdO) et la technologie de r\u00e9plication num\u00e9rique dans la gestion, l&rsquo;exploitation et la maintenance des infrastructures.<\/p>\n<p> Le Vietnam souhaite notamment coop\u00e9rer avec l&rsquo;UE pour \u00e9tudier l&rsquo;ouverture ou le renforcement de liaisons maritimes directes entre le Vietnam et l&rsquo;Europe, contribuant ainsi \u00e0 am\u00e9liorer les capacit\u00e9s logistiques, \u00e0 r\u00e9duire les co\u00fbts de transport et \u00e0 promouvoir le commerce bilat\u00e9ral.<\/p>\n<p> <strong>Rendre la coop\u00e9ration concr\u00e8te et efficace.<\/strong><\/p>\n<p> Le ministre Tran Hong Minh a soulign\u00e9 que le Vietnam acc\u00e9l\u00e8re le d\u00e9veloppement d&rsquo;infrastructures modernes, \u00e9cologiques et durables, o\u00f9 les transports jouent un r\u00f4le crucial. Par cons\u00e9quent, le renforcement de la coop\u00e9ration avec l&rsquo;UE en mati\u00e8re de transfert de technologies, de d\u00e9veloppement des ressources humaines, d&rsquo;am\u00e9lioration institutionnelle et de mobilisation des ressources financi\u00e8res rev\u00eat une importance concr\u00e8te pour la r\u00e9alisation des objectifs de d\u00e9veloppement du Vietnam.<\/p>\n<p> \u00c0 l&rsquo;issue de la r\u00e9union, les deux parties ont convenu de continuer \u00e0 collaborer \u00e9troitement et \u00e0 \u00e9changer rapidement des informations afin de clarifier la port\u00e9e, le contenu et la faisabilit\u00e9 des programmes et projets de recherche et de soutien technique, de sorte qu&rsquo;ils puissent \u00eatre mis en \u0153uvre concr\u00e8tement d\u00e8s que possible.<\/p>\n<p> Les \u00e9l\u00e9ments de coop\u00e9ration convenus lors de la r\u00e9union devraient contribuer \u00e0 promouvoir le d\u00e9veloppement d&rsquo;un syst\u00e8me de transport moderne, \u00e9cologique et durable, tout en renfor\u00e7ant la connectivit\u00e9 <a class=\"data-link\" data-org-href=\"https:\/\/www.vietnam.vn\/fr\/category\/kinh-te\" href=\"https:\/\/www.vietnam.vn\/fr\/category\/kinh-te\" title=\"\u00e9conomie\" target=\"_blank\" rel=\"nofollow noopener\">\u00e9conomique<\/a> , commerciale et d&rsquo;investissement, contribuant ainsi \u00e0 consolider la relation de coop\u00e9ration Vietnam-UE de mani\u00e8re toujours plus substantielle et efficace.<\/p>\n<p style=\"text-align: right;\"> <strong>Source : Journal Nhan Dan<\/strong><\/p>\n<p style=\"text-align: right;\"> <strong>Lien vers l&rsquo;article original<\/strong><\/p>\n<p class=\"mb-0\"> Source : https:\/\/baocamau.vn\/thuc-day-hop-tac-viet-nam-eu-trong-phat-trien-ha-tang-xanh-giao-thong-ben-vung-a131592.html<\/p>\n","protected":false},"excerpt":{"rendered":"L&rsquo;UE doit renforcer ses capacit\u00e9s de d\u00e9fense int\u00e9rieure. Le syst\u00e8me de contr\u00f4le des importations 2 (ICS2) de l&rsquo;UE&hellip;\n","protected":false},"author":2,"featured_media":1127796,"comment_status":"","ping_status":"","sticky":false,"template":"","format":"standard","meta":{"footnotes":"","_share_on_mastodon":"0"},"categories":[1586],"tags":[11,108081,115765,115762,1777,674,1779,1011,27,115763,115761,115766,12,115760,25,115764,1778,364],"class_list":["post-1127795","post","type-post","status-publish","format-standard","has-post-thumbnail","category-europe","tag-actualites","tag-ca-mau","tag-cooperation-vietnam-ue","tag-dernieres-nouvelles-de-ca-mau","tag-eu","tag-europe","tag-european-union","tag-fr","tag-france","tag-infrastructure-verte","tag-infrastructures-routieres-et-maritimes","tag-journal-ca-mau","tag-news","tag-nouvelles-de-ca-mau","tag-republique-francaise","tag-transport-durable","tag-ue","tag-union-europeenne"],"share_on_mastodon":{"url":"https:\/\/pubeurope.com\/@fr\/117097761647371338","error":""},"_links":{"self":[{"href":"https:\/\/www.europesays.com\/fr\/wp-json\/wp\/v2\/posts\/1127795","targetHints":{"allow":["GET"]}}],"collection":[{"href":"https:\/\/www.europesays.com\/fr\/wp-json\/wp\/v2\/posts"}],"about":[{"href":"https:\/\/www.europesays.com\/fr\/wp-json\/wp\/v2\/types\/post"}],"author":[{"embeddable":true,"href":"https:\/\/www.europesays.com\/fr\/wp-json\/wp\/v2\/users\/2"}],"replies":[{"embeddable":true,"href":"https:\/\/www.europesays.com\/fr\/wp-json\/wp\/v2\/comments?post=1127795"}],"version-history":[{"count":0,"href":"https:\/\/www.europesays.com\/fr\/wp-json\/wp\/v2\/posts\/1127795\/revisions"}],"wp:featuredmedia":[{"embeddable":true,"href":"https:\/\/www.europesays.com\/fr\/wp-json\/wp\/v2\/media\/1127796"}],"wp:attachment":[{"href":"https:\/\/www.europesays.com\/fr\/wp-json\/wp\/v2\/media?parent=1127795"}],"wp:term":[{"taxonomy":"category","embeddable":true,"href":"https:\/\/www.europesays.com\/fr\/wp-json\/wp\/v2\/categories?post=1127795"},{"taxonomy":"post_tag","embeddable":true,"href":"https:\/\/www.europesays.com\/fr\/wp-json\/wp\/v2\/tags?post=1127795"}],"curies":[{"name":"wp","href":"https:\/\/api.w.org\/{rel}","templated":true}]}}