{"id":112796,"date":"2025-05-19T22:03:08","date_gmt":"2025-05-19T22:03:08","guid":{"rendered":"https:\/\/www.europesays.com\/fr\/112796\/"},"modified":"2025-05-19T22:03:08","modified_gmt":"2025-05-19T22:03:08","slug":"le-grand-est-accueille-7-nouveaux-projets-dinvestissements","status":"publish","type":"post","link":"https:\/\/www.europesays.com\/fr\/112796\/","title":{"rendered":"le Grand Est accueille 7 nouveaux projets d\u2019investissements"},"content":{"rendered":"<p><strong>\u00c0 l\u2019occasion du sommet international Choose France, qui s\u2019est tenu ce lundi 19 mai \u00e0 Versailles, cinquante-trois annonces d\u2019investissements qui vont se d\u00e9ployer en France ont \u00e9t\u00e9 divulgu\u00e9es. Le Grand Est accueille 7 projets, soit 13% des annonces, pour un montant global de 840 millions d\u2019euros.<\/strong><\/p>\n<p><img loading=\"lazy\" decoding=\"async\" class=\"size-full wp-image-80405\" src=\"https:\/\/www.europesays.com\/fr\/wp-content\/uploads\/2025\/05\/choose-france-grand-est.jpg\" alt=\"Choose France Grand-Est (image choose France)\" width=\"900\" height=\"600\"  \/>Choose France Grand-Est (image choose France)<br \/>\nInnovation et transition \u00e9cologique<\/p>\n<p>Parmi les investissements les plus marquants,<strong> l\u2019Am\u00e9ricain Circ qui ouvrira une usine \u00e0 Saint-Avold<\/strong> (57) en injectant 450 millions d\u2019euros (200 emplois directs ou indirects d\u2019ici \u00e0 2028) et <strong>l\u2019Allemand Daimler Buses<\/strong> qui investit 92 millions d\u2019euros pour l\u2019agrandissement de son usine historique de Ligny-en-Barrois (55) avec 600 emplois \u00e0 la cl\u00e9.<\/p>\n<p>Alors que le Grand Est est <strong>la 3e R\u00e9gion la plus attractive de France et la 9e d\u2019Europe<\/strong> (sur 242), ces annonces Choose France confirment une fois encore sa capacit\u00e9 \u00e0 exploiter le potentiel \u00e9conomique de ses territoires. Deuxi\u00e8me R\u00e9gion industrielle, mais aussi plus grande R\u00e9gion frontali\u00e8re de France, le Grand Est a su mettre en place une strat\u00e9gie qui lui permet de pr\u00e9server ses emplois, notamment en misant sur l\u2019innovation et la transition \u00e9cologique et \u00e9nerg\u00e9tique.<\/p>\n<p>Des fili\u00e8res d\u2019avenir<\/p>\n<p>\u00ab Les annonces faites aujourd\u2019hui lors du sommet Choose France confirment une nouvelle fois l\u2019attractivit\u00e9 de notre r\u00e9gion, \u00e0 la fois au plan national et europ\u00e9en, s\u2019est f\u00e9licit\u00e9 Franck Leroy, pr\u00e9sident du Grand Est. Nous avons fait le choix clair et d\u00e9termin\u00e9 de miser sur <strong>les mobilit\u00e9s durables et la chimie verte comme leviers de croissance<\/strong>, de r\u00e9silience et d\u2019emplois. Les projets embl\u00e9matiques de Daimler Buses \u00e0 Ligny-en-Barrois et de CAF \u00e0 Reichshoffen, qui renforcent les fili\u00e8res industrielles du transport d\u00e9carbon\u00e9, <strong>illustrent notre ambition de devenir un territoire de r\u00e9f\u00e9rence pour les mobilit\u00e9s du futur.<\/strong> De m\u00eame, l\u2019installation \u00e0 Saint-Avold de la premi\u00e8re usine mondiale de Circ, sp\u00e9cialis\u00e9e dans le recyclage textile par des proc\u00e9d\u00e9s chimiques innovants, marque un tournant d\u00e9cisif vers une \u00e9conomie circulaire et plus sobre en ressources.<\/p>\n<p>Ces investissements massifs t\u00e9moignent de <strong>la vitalit\u00e9 industrielle de notre r\u00e9gion et de notre capacit\u00e9 \u00e0 concilier innovation, transition \u00e9cologique et d\u00e9veloppement \u00e9conomique<\/strong>. Le Grand Est se transforme, s\u2019affirme, innove et le fait en coh\u00e9rence avec les grands d\u00e9fis de notre \u00e9poque. C\u2019est en continuant \u00e0 investir dans les fili\u00e8res d\u2019avenir, \u00e0 accompagner la transition \u00e9nerg\u00e9tique, et \u00e0 soutenir des projets industriels porteurs de sens et d\u2019impact que nous garantirons la prosp\u00e9rit\u00e9, l\u2019emploi et la qualit\u00e9 de vie des habitants du Grand Est. \u00bb<\/p>\n<p>Les 7 projets d\u2019investissements annonc\u00e9s en Grand Est lors des annonces Choose France<\/p>\n<p>\uf0fc <strong>CAF (Espagne)<\/strong>, un des leaders mondiaux dans la construction et la maintenance de mat\u00e9riel roulant ferroviaire et, avec sa filiale Solaris, leader europ\u00e9en des bus d\u00e9carbon\u00e9s a fait de la France le premier march\u00e9 du Groupe. CAF y dispose de deux implantations industrielles ferroviaires \u00e0 Reichshoffen et Bagn\u00e8res-de-Bigorre et emploie 1000 personnes, dont 200 en bureau d\u2019\u00e9tudes. D\u2019ici 2028, CAF a l\u2019ambition de tripler le volume d\u2019heures de production sur ses sites fran\u00e7ais, ce qui s\u2019accompagnera de 50 millions d\u2019euros d\u2019investissements sur les 5 prochaines ann\u00e9es et de la cr\u00e9ation de 200 emplois. Par ailleurs, 1 projet sur 4 r\u00e9alis\u00e9 en France sera destin\u00e9 \u00e0 l\u2019export, avec notamment la r\u00e9alisation du tramway de Rome \u00e0 Bagn\u00e8res-de-Bigorre ou de celui de Hanovre \u00e0 Reichshoffen.<br \/>\uf0fc <strong>CIRC (\u00c9tats-Unis)<\/strong>, pionni\u00e8re du recyclage chimique textile, d\u00e9ploie une technologie unique permettant de r\u00e9cup\u00e9rer coton et polyester \u00e0 partir de textiles m\u00e9lang\u00e9s, notamment le polycoton post- consommateur. En garantissant des rendements<br \/>industriels et une qualit\u00e9 \u00e9quivalente \u00e0 du neuf, Circ r\u00e9pond \u00e0 un d\u00e9fi majeur de l\u2019\u00e9conomie circulaire. Avec un investissement de 450 millions d\u2019euros, l\u2019entreprise ouvrira \u00e0 Saint-Avold sa premi\u00e8re usine de dimension mondiale, cr\u00e9ant 200 emplois directs et indirects d\u2019ici 2028. Ce site produira trois mati\u00e8res premi\u00e8res recycl\u00e9es \u2014 p\u00e2te cellulosique, PTA et MEG \u2014 utilis\u00e9es par leurs clients pour fabriquer de nouvelles fibres textiles pour les marques.<br \/>\uf0fc <strong>COLEO (Espagne)<\/strong>, leader du recyclage textile en Espagne, annonce une nouvelle \u00e9tape de son plan strat\u00e9gique pour la France avec un investissement de 10 millions d\u2019euros pour l\u2019implantation prochaine d\u2019un deuxi\u00e8me site en Grand Est. Ce projet pr\u00e9voit le recyclage de 20.000 tonnes de d\u00e9chets textiles par an, la cr\u00e9ation de 50 emplois directs et 250 emplois indirects. Cette expansion fait suite \u00e0 l\u2019installation d\u2019une usine en Occitanie, traitant environ 2000 tonnes de d\u00e9chets textiles par an, avec un potentiel d\u2019extension \u00e0 5 000 tonnes. Avec trois usines en Espagne, Coleo mise sur la France pour d\u00e9velopper un r\u00e9seau europ\u00e9en de recyclage textile.<br \/>\uf0fc <strong>DAIMLER BUSES (Allemagne)<\/strong>, avec plus 92 millions d\u2019euros d\u2019investissement d\u2019ici \u00e0 fin 2026, agrandit son usine historique de Ligny-en-Barrois (Meuse) afin d\u2019augmenter les volumes de production d\u2019autobus \u00e9lectriques, r\u00e9nover et moderniser ses centres SAV implant\u00e9s sur le territoire fran\u00e7ais. 600 emplois sont \u00e0 la cl\u00e9 de cet investissement avec des recrutements sur des m\u00e9tiers techniques tels que des \u00e9lectriciens, des peintres, des m\u00e9caniciens et \u00e9galement d\u2019autres profils dans les domaines de la qualit\u00e9 et de la logistique.<br \/>\uf0fc <strong>DP WORLD (EAU)<\/strong>, entreprise mondiale de logistique appartenant au gouvernement de Duba\u00ef, investira environ 260 millions d\u2019euros en France au cours des cinq prochaines ann\u00e9es. Environ 120 millions d\u2019euros seront consacr\u00e9s \u00e0 des initiatives de d\u00e9carbonation et de transition \u00e9nerg\u00e9tique sur le port maritime de l\u2019entreprise \u00e0 Marseille (EUROFOS). De plus, 140 millions d\u2019euros seront investis dans un grand entrep\u00f4t situ\u00e9 \u00e0 proximit\u00e9 du terminal int\u00e9rieur d\u2019Ottmarsheim, en Alsace, sur le Rhin, \u00e0 la fronti\u00e8re de l\u2019Allemagne et de la Suisse, avec une cr\u00e9ation d\u2019emplois directs potentielle estim\u00e9e \u00e0 environ 150 emplois \u00e0 plein temps une fois le projet pleinement op\u00e9rationnel. Le nouveau parc logistique de 90 000 m\u00e8tres carr\u00e9s offrira des services logistiques 3PL \u00e0 des partenaires externes.<br \/>Cette infrastructure facilitera l\u2019accueil des barges arrivant et partant du port, tout en \u00e9tant connect\u00e9e au r\u00e9seau ferroviaire, renfor\u00e7ant ainsi les capacit\u00e9s de transport intermodal du port et r\u00e9duisant davantage l\u2019impact environnemental des op\u00e9rations logistiques de DP World.<br \/>\uf0fc <strong>MARS INCORPORATED (\u00c9tats-Unis)<\/strong> continue de choisir la France, en 2025 : l\u2019entreprise annonce plus de 100 millions d\u2019euros d\u2019investissements. Ils seront r\u00e9partis au sein des territoires o\u00f9 l\u2019entreprise est implant\u00e9e :<strong> Grand Est (4 millions d\u2019euros)<\/strong>, <strong>Occitanie (32 millions d\u2019euros), Hauts-de-France (23 millions d\u2019euros) et Centre-Val de Loire (7 millions d\u2019euros)<\/strong>. Ces investissements visent \u00e0 moderniser et digitaliser ses sites industriels, soutenir l\u2019innovation, acc\u00e9l\u00e9rer sa trajectoire Net Z\u00e9ro et consolider l\u2019emploi local. Avec plus de 500 millions d\u2019euros investis en France sur les cinq derni\u00e8res ann\u00e9es, Mars confirme sa strat\u00e9gie d\u2019investisseur de long terme, fid\u00e8le \u00e0 son ancrage territorial et convaincu du potentiel d\u2019innovation et de d\u00e9veloppement de la France.<br \/>\uf0fc <strong>NIDEC (Japon)<\/strong> s\u2019engage \u00e0 r\u00e9aliser des investissements de pr\u00e8s de 97 millions d\u2019euros en 2025\/2026. L\u2019objet de ces investissements est d\u2019augmenter les capacit\u00e9s et d\u2019am\u00e9liorer l\u2019efficacit\u00e9 de la cha\u00eene de valeur. Les augmentations de capacit\u00e9 concerneront principalement les activit\u00e9s de production de moteurs, g\u00e9n\u00e9rateurs \u00e9lectriques et syst\u00e8mes de stockage stationnaires par batteries dans <strong>les usines de Tr\u00e9mery (Grand Est), Orl\u00e9ans (Centre-Val de Loire), Sillac (Nouvelle-Aquitaine) et Fouillouse (Auvergne-Rh\u00f4ne-Alpes).<\/strong> Nidec s\u2019engage \u00e0 d\u00e9velopper des solutions innovantes pour r\u00e9pondre \u00e0 la demande croissante de mobilit\u00e9 durable et d\u2019\u00e9nergie d\u00e9carbon\u00e9e en France et en Europe.<\/p>\n","protected":false},"excerpt":{"rendered":"\u00c0 l\u2019occasion du sommet international Choose France, qui s\u2019est tenu ce lundi 19 mai \u00e0 Versailles, cinquante-trois annonces&hellip;\n","protected":false},"author":2,"featured_media":112797,"comment_status":"","ping_status":"","sticky":false,"template":"","format":"standard","meta":{"footnotes":""},"categories":[4],"tags":[328,11,21601,1011,27,12,25],"class_list":{"0":"post-112796","1":"post","2":"type-post","3":"status-publish","4":"format-standard","5":"has-post-thumbnail","7":"category-france","8":"tag-a-la-une","9":"tag-actualites","10":"tag-choose-france","11":"tag-fr","12":"tag-france","13":"tag-news","14":"tag-republique-francaise"},"share_on_mastodon":{"url":"https:\/\/pubeurope.com\/@fr\/114536762808942881","error":""},"_links":{"self":[{"href":"https:\/\/www.europesays.com\/fr\/wp-json\/wp\/v2\/posts\/112796","targetHints":{"allow":["GET"]}}],"collection":[{"href":"https:\/\/www.europesays.com\/fr\/wp-json\/wp\/v2\/posts"}],"about":[{"href":"https:\/\/www.europesays.com\/fr\/wp-json\/wp\/v2\/types\/post"}],"author":[{"embeddable":true,"href":"https:\/\/www.europesays.com\/fr\/wp-json\/wp\/v2\/users\/2"}],"replies":[{"embeddable":true,"href":"https:\/\/www.europesays.com\/fr\/wp-json\/wp\/v2\/comments?post=112796"}],"version-history":[{"count":0,"href":"https:\/\/www.europesays.com\/fr\/wp-json\/wp\/v2\/posts\/112796\/revisions"}],"wp:featuredmedia":[{"embeddable":true,"href":"https:\/\/www.europesays.com\/fr\/wp-json\/wp\/v2\/media\/112797"}],"wp:attachment":[{"href":"https:\/\/www.europesays.com\/fr\/wp-json\/wp\/v2\/media?parent=112796"}],"wp:term":[{"taxonomy":"category","embeddable":true,"href":"https:\/\/www.europesays.com\/fr\/wp-json\/wp\/v2\/categories?post=112796"},{"taxonomy":"post_tag","embeddable":true,"href":"https:\/\/www.europesays.com\/fr\/wp-json\/wp\/v2\/tags?post=112796"}],"curies":[{"name":"wp","href":"https:\/\/api.w.org\/{rel}","templated":true}]}}