{"id":112798,"date":"2025-05-19T22:05:10","date_gmt":"2025-05-19T22:05:10","guid":{"rendered":"https:\/\/www.europesays.com\/fr\/112798\/"},"modified":"2025-05-19T22:05:10","modified_gmt":"2025-05-19T22:05:10","slug":"lukrainienne-ulyana-kotar-remplace-lamericaine-jasmine-gross","status":"publish","type":"post","link":"https:\/\/www.europesays.com\/fr\/112798\/","title":{"rendered":"l&rsquo;Ukrainienne Ulyana Kotar remplace l&rsquo;Am\u00e9ricaine Jasmine Gross"},"content":{"rendered":"<p>Les annonces se multiplient au Volley Mulhouse Alsace et l&rsquo;effectif prend de plus en plus forme.<\/p>\n<p>Au lendemain de <a href=\"https:\/\/www.lalsace.fr\/sport\/2025\/05\/18\/lea-soldner-signe-pour-une-12e-saison-avec-le-volley-mulhouse-alsace\" target=\"_blank\" rel=\"noopener\">la prolongation de la capitaine L\u00e9a Soldner<\/a>, le club mulhousien a annonc\u00e9 officiellement ce lundi le d\u00e9part de la centrale am\u00e9ricaine Jasmine Gross et l&rsquo;arriv\u00e9e, pour la remplacer, de l&rsquo;Ukrainienne Ulyana Kotar.<\/p>\n<p>Cette derni\u00e8re \u00e9voluait la saison pass\u00e9e \u00e0 Marcq-en-Baroeul, o\u00f9 elle a pu montrer ses qualit\u00e9s de contreuse (50 blocks gagnants), d\u00a0\u00bbattaquante (173\/346 \u00e0 50% de r\u00e9ussite), mais \u00e9galement de serveuse avec ses engagements tr\u00e8s souvent smash\u00e9s (26 aces).<\/p>\n<p>Avant de poser ses bagages dans le Nord, elle avait fini meilleure attaquante du championnat roumain avec son club du Dinamo Bucarest qui avait remport\u00e9 le titre national 2023\/2024.<\/p>\n<p>Le 16 novembre 2024, elle avait \u00e9t\u00e9 l&rsquo;une des grandes artisanes de la victoire 3-0 de Marcq-en-Baroeul au Palais des sports.<\/p>\n","protected":false},"excerpt":{"rendered":"Les annonces se multiplient au Volley Mulhouse Alsace et l&rsquo;effectif prend de plus en plus forme. Au lendemain&hellip;\n","protected":false},"author":2,"featured_media":112799,"comment_status":"","ping_status":"","sticky":false,"template":"","format":"standard","meta":{"footnotes":""},"categories":[1417],"tags":[107,1011,27,1637,1634,517,60,1470,1633,1632,1469],"class_list":{"0":"post-112798","1":"post","2":"type-post","3":"status-publish","4":"format-standard","5":"has-post-thumbnail","7":"category-volley","8":"tag-fil-info","9":"tag-fr","10":"tag-france","11":"tag-haut-rhin","12":"tag-mulhouse","13":"tag-sport","14":"tag-sports","15":"tag-volley","16":"tag-volley-mulhouse-alsace","17":"tag-volley-ball","18":"tag-volleyball"},"share_on_mastodon":{"url":"https:\/\/pubeurope.com\/@fr\/114536770696155159","error":""},"_links":{"self":[{"href":"https:\/\/www.europesays.com\/fr\/wp-json\/wp\/v2\/posts\/112798","targetHints":{"allow":["GET"]}}],"collection":[{"href":"https:\/\/www.europesays.com\/fr\/wp-json\/wp\/v2\/posts"}],"about":[{"href":"https:\/\/www.europesays.com\/fr\/wp-json\/wp\/v2\/types\/post"}],"author":[{"embeddable":true,"href":"https:\/\/www.europesays.com\/fr\/wp-json\/wp\/v2\/users\/2"}],"replies":[{"embeddable":true,"href":"https:\/\/www.europesays.com\/fr\/wp-json\/wp\/v2\/comments?post=112798"}],"version-history":[{"count":0,"href":"https:\/\/www.europesays.com\/fr\/wp-json\/wp\/v2\/posts\/112798\/revisions"}],"wp:featuredmedia":[{"embeddable":true,"href":"https:\/\/www.europesays.com\/fr\/wp-json\/wp\/v2\/media\/112799"}],"wp:attachment":[{"href":"https:\/\/www.europesays.com\/fr\/wp-json\/wp\/v2\/media?parent=112798"}],"wp:term":[{"taxonomy":"category","embeddable":true,"href":"https:\/\/www.europesays.com\/fr\/wp-json\/wp\/v2\/categories?post=112798"},{"taxonomy":"post_tag","embeddable":true,"href":"https:\/\/www.europesays.com\/fr\/wp-json\/wp\/v2\/tags?post=112798"}],"curies":[{"name":"wp","href":"https:\/\/api.w.org\/{rel}","templated":true}]}}