{"id":1128011,"date":"2026-08-15T07:45:38","date_gmt":"2026-08-15T07:45:38","guid":{"rendered":"https:\/\/www.europesays.com\/fr\/1128011\/"},"modified":"2026-08-15T07:45:38","modified_gmt":"2026-08-15T07:45:38","slug":"athletisme-suivez-la-sixieme-journee-des-championnats-deurope-2026-a-birmingham-en-direct-commente","status":"publish","type":"post","link":"https:\/\/www.europesays.com\/fr\/1128011\/","title":{"rendered":"Athl\u00e9tisme : Suivez la sixi\u00e8me journ\u00e9e des Championnats d&rsquo;Europe 2026 \u00e0 Birmingham en direct comment\u00e9"},"content":{"rendered":"<p style=\"text-align: center;\"><strong>Birmingham va vibrer au rythme des Bleus ce samedi pour la sixi\u00e8me journ\u00e9e des Championnats d\u2019Europe d\u2019athl\u00e9tisme. <\/strong><strong>D\u00e8s 8h30, Aur\u00e9lien Quinion et les marcheuses fran\u00e7aises ouvriront une journ\u00e9e o\u00f9 les m\u00e9dailles seront d\u00e9j\u00e0 dans toutes les t\u00eates. Puis, \u00e0 l\u2019Alexander Stadium, <\/strong><strong style=\"color: #000000;\">Jimmy Gressier sur 10 000 m, Azeddine Habz et <\/strong><strong style=\"color: #000000;\">Romain Mornet sur 1500 m, <\/strong><strong style=\"color: #000000;\">Thomas Gogois et Jonathan Seremes au triple saut, ainsi que\u00a0<\/strong><strong>Sol\u00e8ne Gicquel \u00e0 la hauteur entreront tour \u00e0 tour en sc\u00e8ne pour une soir\u00e9e qui s\u2019annonce br\u00fblante. Ne manquez rien de la comp\u00e9tition, gr\u00e2ce \u00e0 notre direct comment\u00e9 !<\/strong><\/p>\n","protected":false},"excerpt":{"rendered":"Birmingham va vibrer au rythme des Bleus ce samedi pour la sixi\u00e8me journ\u00e9e des Championnats d\u2019Europe d\u2019athl\u00e9tisme. D\u00e8s&hellip;\n","protected":false},"author":2,"featured_media":1128012,"comment_status":"","ping_status":"","sticky":false,"template":"","format":"standard","meta":{"footnotes":"","_share_on_mastodon":"0"},"categories":[1586],"tags":[5734,11,4132,115779,114059,2180,814,64,1777,674,1011,27,112123,8565,820,12,502,25,1980,114060,1364],"class_list":["post-1128011","post","type-post","status-publish","format-standard","has-post-thumbnail","category-europe","tag-5734","tag-actualites","tag-athletisme","tag-aurelien-quinion","tag-championnats-deurope-de-birmingham","tag-championnats-deurope","tag-direct","tag-equipe-de-france","tag-eu","tag-europe","tag-fr","tag-france","tag-hilary-kpatcha","tag-jimmy-gressier","tag-live","tag-news","tag-programme-tv","tag-republique-francaise","tag-resultats","tag-selection-francaise","tag-tv"],"share_on_mastodon":{"url":"https:\/\/pubeurope.com\/@fr\/117098415612394256","error":""},"_links":{"self":[{"href":"https:\/\/www.europesays.com\/fr\/wp-json\/wp\/v2\/posts\/1128011","targetHints":{"allow":["GET"]}}],"collection":[{"href":"https:\/\/www.europesays.com\/fr\/wp-json\/wp\/v2\/posts"}],"about":[{"href":"https:\/\/www.europesays.com\/fr\/wp-json\/wp\/v2\/types\/post"}],"author":[{"embeddable":true,"href":"https:\/\/www.europesays.com\/fr\/wp-json\/wp\/v2\/users\/2"}],"replies":[{"embeddable":true,"href":"https:\/\/www.europesays.com\/fr\/wp-json\/wp\/v2\/comments?post=1128011"}],"version-history":[{"count":0,"href":"https:\/\/www.europesays.com\/fr\/wp-json\/wp\/v2\/posts\/1128011\/revisions"}],"wp:featuredmedia":[{"embeddable":true,"href":"https:\/\/www.europesays.com\/fr\/wp-json\/wp\/v2\/media\/1128012"}],"wp:attachment":[{"href":"https:\/\/www.europesays.com\/fr\/wp-json\/wp\/v2\/media?parent=1128011"}],"wp:term":[{"taxonomy":"category","embeddable":true,"href":"https:\/\/www.europesays.com\/fr\/wp-json\/wp\/v2\/categories?post=1128011"},{"taxonomy":"post_tag","embeddable":true,"href":"https:\/\/www.europesays.com\/fr\/wp-json\/wp\/v2\/tags?post=1128011"}],"curies":[{"name":"wp","href":"https:\/\/api.w.org\/{rel}","templated":true}]}}