{"id":112817,"date":"2025-05-19T22:16:08","date_gmt":"2025-05-19T22:16:08","guid":{"rendered":"https:\/\/www.europesays.com\/fr\/112817\/"},"modified":"2025-05-19T22:16:08","modified_gmt":"2025-05-19T22:16:08","slug":"les-feux-de-lamour-spoilers-semaine-du-19-mai-2025-aux-usa-les-spoilers","status":"publish","type":"post","link":"https:\/\/www.europesays.com\/fr\/112817\/","title":{"rendered":"Les Feux de l&rsquo;Amour, spoilers semaine du 19 mai 2025 aux USA | Les spoilers"},"content":{"rendered":"<p class=\"text-end comment-since\">\n                                Membre depuis 8 ans<br \/>369 commentaires                                <\/p>\n<p>Le 19 mai 2025<br \/>\n                                \u00e0 21:54<\/p>\n<p>\n                                                            Amanda va probablement mettre Phyllis en relation avec Aristote Dumas et Phyllis r\u00e9ussira ainsi \u00e0 le rencontrer mais j&rsquo;esp\u00e8re que l&rsquo;on va finir par d\u00e9couvrir qui est vraiment Dumas, je verrai bien Philip Chancellor III se r\u00e9v\u00e9l\u00e9 \u00eatre Dumas parce que je peux le voir avoir beaucoup de respect pour Neil et vouloir r\u00e9cup\u00e9rer Chancellor et ne pas aim\u00e9 ce que sa m\u00e8re a fait \u00e0 son demi-fr\u00e8re Billy, ce serai vraiment int\u00e9ressant que ce soit lui et \u00e7a collerai mais je ne pense pas que Dumas soit&#8230;<\/p>\n","protected":false},"excerpt":{"rendered":"Membre depuis 8 ans369 commentaires Le 19 mai 2025 \u00e0 21:54 Amanda va probablement mettre Phyllis en relation&hellip;\n","protected":false},"author":2,"featured_media":112818,"comment_status":"","ping_status":"","sticky":false,"template":"","format":"standard","meta":{"footnotes":""},"categories":[1356],"tags":[58,59,1011,27,1375,252,1364],"class_list":{"0":"post-112817","1":"post","2":"type-post","3":"status-publish","4":"format-standard","5":"has-post-thumbnail","7":"category-television","8":"tag-divertissement","9":"tag-entertainment","10":"tag-fr","11":"tag-france","12":"tag-les-feux-de-l","13":"tag-television","14":"tag-tv"},"share_on_mastodon":{"url":"https:\/\/pubeurope.com\/@fr\/114536813971418657","error":""},"_links":{"self":[{"href":"https:\/\/www.europesays.com\/fr\/wp-json\/wp\/v2\/posts\/112817","targetHints":{"allow":["GET"]}}],"collection":[{"href":"https:\/\/www.europesays.com\/fr\/wp-json\/wp\/v2\/posts"}],"about":[{"href":"https:\/\/www.europesays.com\/fr\/wp-json\/wp\/v2\/types\/post"}],"author":[{"embeddable":true,"href":"https:\/\/www.europesays.com\/fr\/wp-json\/wp\/v2\/users\/2"}],"replies":[{"embeddable":true,"href":"https:\/\/www.europesays.com\/fr\/wp-json\/wp\/v2\/comments?post=112817"}],"version-history":[{"count":0,"href":"https:\/\/www.europesays.com\/fr\/wp-json\/wp\/v2\/posts\/112817\/revisions"}],"wp:featuredmedia":[{"embeddable":true,"href":"https:\/\/www.europesays.com\/fr\/wp-json\/wp\/v2\/media\/112818"}],"wp:attachment":[{"href":"https:\/\/www.europesays.com\/fr\/wp-json\/wp\/v2\/media?parent=112817"}],"wp:term":[{"taxonomy":"category","embeddable":true,"href":"https:\/\/www.europesays.com\/fr\/wp-json\/wp\/v2\/categories?post=112817"},{"taxonomy":"post_tag","embeddable":true,"href":"https:\/\/www.europesays.com\/fr\/wp-json\/wp\/v2\/tags?post=112817"}],"curies":[{"name":"wp","href":"https:\/\/api.w.org\/{rel}","templated":true}]}}