{"id":112830,"date":"2025-05-19T22:23:08","date_gmt":"2025-05-19T22:23:08","guid":{"rendered":"https:\/\/www.europesays.com\/fr\/112830\/"},"modified":"2025-05-19T22:23:08","modified_gmt":"2025-05-19T22:23:08","slug":"choose-france-macron-de-moins-en-moins-credible-mediapart","status":"publish","type":"post","link":"https:\/\/www.europesays.com\/fr\/112830\/","title":{"rendered":"Choose France : Macron de moins en moins cr\u00e9dible &#8211; Mediapart"},"content":{"rendered":"<ol>\n<li><a href=\"https:\/\/news.google.com\/rss\/articles\/CBMiqgFBVV95cUxNMW5UcFo2aDZKUG1IWkVWdWtFUmdRRWxVT3cwWjNKakZ5YzlkNWdZd21STXJGa0t1empLdGZ5VGV0UzEtYlQ2bU1SY1MtWFZVZE1JUEFTUTBENUFRSmxJSkFNeDYxSTJERm5BQThiN0x5QXpWT2lqdUFPTFBkMFlmZndTV3lxalEzQVBLZ1MzeXpGcEZ5X25nTmxqZFdIYkktUFZGTmNUUTJ0UQ?oc=5\" target=\"_blank\" rel=\"noopener\">Choose France : Macron de moins en moins cr\u00e9dible<\/a>&nbsp;&nbsp;Mediapart<\/li>\n<li><a href=\"https:\/\/news.google.com\/rss\/articles\/CBMilAJBVV95cUxQdnRMcmtESWZQbS1OYXFBTWhsemFsN3JFVmtjQzBGTVdXYzhXOEUzWWJ6Y2ZFcDltUG5jR3RvdWljbGlmNzg4UWZvLVJXY2xLWTZFT1hKVFBCdVdxcHNEeUt1X0cwZXpnaXdiMFVQMjFmOFVQakI3UkpkdENGV3FRR2t0aDhESnpNVkpPaTcxalQ5Zzc5WnE2WkhabWJzYjc4VzFXNFpTYWFib2pTX3Jmem4wLWVjOU1CWGpzazJKRHVlSlFxZVhFdVZWSVlGRkc1MDNOOHpzLVdXS1oxWUZKRjktWHdXZVFyYUdOOGtZek1MZjZWc2s2T1I1QzE3d2FBWDZoLTRfZ3dIbDZNQk41WDE4QUI?oc=5\" target=\"_blank\" rel=\"noopener\">Intelligence artificielle : le fran\u00e7ais Mistral AI et le fonds \u00e9mirati MGX associ\u00e9s dans un projet de data center g\u00e9ant<\/a>&nbsp;&nbsp;Le Monde.fr<\/li>\n<li><a href=\"https:\/\/news.google.com\/rss\/articles\/CBMijgFBVV95cUxOSEJDbzlWY0I0dFVtUnNtSFRDbFZUdnhPcDFZNmJiQnZ1RFFBTk00T09OT1l4RXZneWR1ZVBWSThYcFdBSlhwclZzb20zd3ZrY25FVlU3ZldKbTh5a1dFeGYyNW1PVV9PUTM1T0xKd21xU29FM011QWZlMTlQUV9SNjdaeTlMX0FSYm9uNGpB?oc=5\" target=\"_blank\" rel=\"noopener\">Data centers : des milliards d\u2019euros d\u2019investissements en France<\/a>&nbsp;&nbsp;Reporterre \ud83c\udf0d le m\u00e9dia de l&rsquo;\u00e9cologie<\/li>\n<li><a href=\"https:\/\/news.google.com\/rss\/articles\/CBMilgJBVV95cUxNd1dvSmktejlqUEtvOVdlOW4wTDVmWTNGYU56Unpxb1B6TURySzZLcmFlLTJ0NjhRU1hoTGhJeERmTENIc3JNS0JiZlFDbUxlWkRKNnZCbktBdFA3NElJU1lrREwwQWxDa3hNTXN3cHhPX2o4MUJ3VThaVFlWazlESTBMeE5pZTlTOUNqUENYX2hJWHFTWTh4ZUt1RkJTQ21lM3lYdC1qdTRWY2pxaUo5Uko4clgxV19yZnFPMllBbEtmRGw4TEdXUDh5OFBFRFcxdjh6WG1KZWVpemNrcXNhVGdWMlpSQ1ZOY2FuU241ZmROSmpwYnB2WHU1ZUctbVhoMmdqelpNeGJDOEdtTDZMWHY4dzNjQQ?oc=5\" target=\"_blank\" rel=\"noopener\">Mars Petcare France annonce un nouvel investissement de sept millions d&rsquo;euros dans son usine de Saint-Denis-de-l&rsquo;H\u00f4tel<\/a>&nbsp;&nbsp;La R\u00e9publique du Centre<\/li>\n<li><a href=\"https:\/\/news.google.com\/rss\/articles\/CBMitwFBVV95cUxPcGhwNVFpbU8weHBMMHZsbmVfaUZBNXFJUzltNGVhSVpqcGEwWGdKV0ROd093MnQxSEV6UHl4SWNjRlA5OEpfRW1ETDJTbks2cGwxd0ZPSGJlNnNnQnRua0xnSHYxazAwVXNvajF1cVZyWkFhS2pEcjhDYVE3amxqUGZJWTFtUzRXcklvWE9VeFhraGJLMVpETml3TUw1Y0NRRXhnYXVaZVBiVGUtdVlubTJ0Ul9hT3c?oc=5\" target=\"_blank\" rel=\"noopener\">\u00ab\u00a0Choose France\u00a0\u00bb : un sommet record pour Macron &#8211; 19\/05<\/a>&nbsp;&nbsp;BFMTV<\/li>\n<\/ol>\n","protected":false},"excerpt":{"rendered":"Choose France : Macron de moins en moins cr\u00e9dible&nbsp;&nbsp;Mediapart Intelligence artificielle : le fran\u00e7ais Mistral AI et le&hellip;\n","protected":false},"author":2,"featured_media":112831,"comment_status":"","ping_status":"","sticky":false,"template":"","format":"standard","meta":{"footnotes":""},"categories":[6],"tags":[35,343,33,34,1073,1011,27,9130,20423],"class_list":{"0":"post-112830","1":"post","2":"type-post","3":"status-publish","4":"format-standard","5":"has-post-thumbnail","7":"category-economie","8":"tag-business","9":"tag-cac-40","10":"tag-economie","11":"tag-economy","12":"tag-emmanuel-macron","13":"tag-fr","14":"tag-france","15":"tag-politique-economique","16":"tag-versailles"},"share_on_mastodon":{"url":"https:\/\/pubeurope.com\/@fr\/114536841429215845","error":""},"_links":{"self":[{"href":"https:\/\/www.europesays.com\/fr\/wp-json\/wp\/v2\/posts\/112830","targetHints":{"allow":["GET"]}}],"collection":[{"href":"https:\/\/www.europesays.com\/fr\/wp-json\/wp\/v2\/posts"}],"about":[{"href":"https:\/\/www.europesays.com\/fr\/wp-json\/wp\/v2\/types\/post"}],"author":[{"embeddable":true,"href":"https:\/\/www.europesays.com\/fr\/wp-json\/wp\/v2\/users\/2"}],"replies":[{"embeddable":true,"href":"https:\/\/www.europesays.com\/fr\/wp-json\/wp\/v2\/comments?post=112830"}],"version-history":[{"count":0,"href":"https:\/\/www.europesays.com\/fr\/wp-json\/wp\/v2\/posts\/112830\/revisions"}],"wp:featuredmedia":[{"embeddable":true,"href":"https:\/\/www.europesays.com\/fr\/wp-json\/wp\/v2\/media\/112831"}],"wp:attachment":[{"href":"https:\/\/www.europesays.com\/fr\/wp-json\/wp\/v2\/media?parent=112830"}],"wp:term":[{"taxonomy":"category","embeddable":true,"href":"https:\/\/www.europesays.com\/fr\/wp-json\/wp\/v2\/categories?post=112830"},{"taxonomy":"post_tag","embeddable":true,"href":"https:\/\/www.europesays.com\/fr\/wp-json\/wp\/v2\/tags?post=112830"}],"curies":[{"name":"wp","href":"https:\/\/api.w.org\/{rel}","templated":true}]}}