{"id":112834,"date":"2025-05-19T22:25:10","date_gmt":"2025-05-19T22:25:10","guid":{"rendered":"https:\/\/www.europesays.com\/fr\/112834\/"},"modified":"2025-05-19T22:25:10","modified_gmt":"2025-05-19T22:25:10","slug":"lyon-rixe-a-coups-de-couteau-six-blesses-dont-deux-graves-a-menival-le-progres","status":"publish","type":"post","link":"https:\/\/www.europesays.com\/fr\/112834\/","title":{"rendered":"Lyon. Rixe \u00e0 coups de couteau : six bless\u00e9s dont deux graves \u00e0 M\u00e9nival &#8211; Le Progr\u00e8s"},"content":{"rendered":"<ol>\n<li><a href=\"https:\/\/news.google.com\/rss\/articles\/CBMivAFBVV95cUxNWF84aWkxLTBJbTJ1Y2RPX01aQXVSdTEzRW8xZDZwRXZfNE1rRXBCX0lZOXViSEpQUk5qY1hkcWtYMjF1TVFlM3ZFSExra2J0VGU3VWVKbHRNaFpVN1VVYWdtaVB4UDNhcVZ0VUxMLTFTZnlSNDBMZTNDbHRlamlPTGRtdGZhTi1zYjRMMDQwNWNzYk1qVHBTZHBJazJfUV9VdWJxTkFzZjQtazl4MFJzNE9XMkw0X2NPbmdxaQ?oc=5\" target=\"_blank\" rel=\"noopener\">Lyon. Rixe \u00e0 coups de couteau : six bless\u00e9s dont deux graves \u00e0 M\u00e9nival<\/a>&nbsp;&nbsp;Le Progr\u00e8s<\/li>\n<li><a href=\"https:\/\/news.google.com\/rss\/articles\/CBMiqAFBVV95cUxNcnJwa3Uxa0Z2S2xPMlpsVDh4OGo3WFVjMi1vQVNUQnBTSURuTWlJWnNmY1hCM05jTUpsNDlmQmxWdWNZRnA5aDk3alN1ZzNIRElrM2txVHBoc2VOM3NfWlkzcU1veUg0SnZuT0tQZ2ZMUWJIbGJXZ3hZRkdFS2ZYRm9acGJrcmhWSmxjYnRsRmJZSGpjUExWTTZuWkw0R2ZvY2xpcXZPZHA?oc=5\" target=\"_blank\" rel=\"noopener\">Lyon: six bless\u00e9s, dont trois graves, dans une rixe au couteau<\/a>&nbsp;&nbsp;Le Figaro<\/li>\n<li><a href=\"https:\/\/news.google.com\/rss\/articles\/CBMi-wFBVV95cUxPaU02WFRQc0gwNWpIMjdQdU5Wal92eDEtcFl0YW1ia2dqazdMRno1ME9nT1prTlM2a0V3anAyYWxPcWthMXdLQUk2M3FBQ1U1TjBrLW0xcHBaSWJHd1VIeHFRSlFHajZaQjNjNktQZnE3bkZab3FXZ1N2LVNYc1dkZ1J0SG1lQVgtOXNadHB5OWY4T1lwTEtSSzZmckV4LWlwM3JGbjRkU3cwQmlKVE9MQ3hybk5WQl9YV29iS2QyanM5ZTdNMHBTYnIzbzdyOEM2MU14MXFLaUdSd3VLaWltbXBTci1FaHMxVVc4ampJZmZLUHFoYk9ZR0twVQ?oc=5\" target=\"_blank\" rel=\"noopener\">Lyon : six bless\u00e9s dans une rixe au couteau apr\u00e8s un accident de voiture<\/a>&nbsp;&nbsp;Ouest-France<\/li>\n<li><a href=\"https:\/\/news.google.com\/rss\/articles\/CBMipgFBVV95cUxPZHlLT2tiYUpSTnkzbkZoSW5qRTMtWmd0MnB1MGY1b3BOdFViZll4b21CeTFjLTZncURjcXdxVUU5dmJuaTBXbVBxczNobTR5ZlYyelpWcExPODUyNkU2VDd6emNZVzE2T3lkcGxqRE1JR0FqemsxNnZiQ0xTdlgwWlo5eERGeklzQ1BwaEF3SGUxTVRwT2IxWmhoSXBWbGc0ODBEdThR?oc=5\" target=\"_blank\" rel=\"noopener\">INFO BFM LYON. Une rixe fait au moins six bless\u00e9s dans le 5e arrondissement<\/a>&nbsp;&nbsp;BFMTV<\/li>\n<li><a href=\"https:\/\/news.google.com\/rss\/articles\/CBMi3gFBVV95cUxQQm1CRkNUVHg3a1B6NUg0QUN5WTg3OFo3d09lbm0yVy01a1RMLU9oYm9qbm9XYXRnN19qTmFYY3hENGpoTWw5OXJ3c2RJVXlsWGFDQ1NJV3Q2NXRuUkx2UUpNV0VMZFlFTjUyR3FEZnBJMGlZeTN3VDhrck42Zm5sY1ZQSjV1RzhDRm1JNHNYc0xDSXF3bmtpelFuZHRiY3JXaG9weUtYVmJWdUxkRjA1bkVVLTZIYjlPcEZRTVZkd3hXTFBkRlBtZlZ6NnBHWi1ISFcxRFZfQ0EyQ3NWeXc?oc=5\" target=\"_blank\" rel=\"noopener\">Lyon : six bless\u00e9s dont deux entre la vie et la mort apr\u00e8s une bagarre ultra violente<\/a>&nbsp;&nbsp;Actu.fr<\/li>\n<\/ol>\n","protected":false},"excerpt":{"rendered":"Lyon. Rixe \u00e0 coups de couteau : six bless\u00e9s dont deux graves \u00e0 M\u00e9nival&nbsp;&nbsp;Le Progr\u00e8s Lyon: six bless\u00e9s,&hellip;\n","protected":false},"author":2,"featured_media":112835,"comment_status":"","ping_status":"","sticky":false,"template":"","format":"standard","meta":{"footnotes":""},"categories":[4],"tags":[11,271,272,2757,274,107,1011,27,15657,12,25,2429],"class_list":{"0":"post-112834","1":"post","2":"type-post","3":"status-publish","4":"format-standard","5":"has-post-thumbnail","7":"category-france","8":"tag-actualites","9":"tag-crime","10":"tag-delit-et-contravention","11":"tag-edition-lyon-villeurbanne","12":"tag-faits-divers-justice","13":"tag-fil-info","14":"tag-fr","15":"tag-france","16":"tag-lyon-5e-arrondissement","17":"tag-news","18":"tag-republique-francaise","19":"tag-rhone"},"share_on_mastodon":{"url":"https:\/\/pubeurope.com\/@fr\/114536849300442619","error":""},"_links":{"self":[{"href":"https:\/\/www.europesays.com\/fr\/wp-json\/wp\/v2\/posts\/112834","targetHints":{"allow":["GET"]}}],"collection":[{"href":"https:\/\/www.europesays.com\/fr\/wp-json\/wp\/v2\/posts"}],"about":[{"href":"https:\/\/www.europesays.com\/fr\/wp-json\/wp\/v2\/types\/post"}],"author":[{"embeddable":true,"href":"https:\/\/www.europesays.com\/fr\/wp-json\/wp\/v2\/users\/2"}],"replies":[{"embeddable":true,"href":"https:\/\/www.europesays.com\/fr\/wp-json\/wp\/v2\/comments?post=112834"}],"version-history":[{"count":0,"href":"https:\/\/www.europesays.com\/fr\/wp-json\/wp\/v2\/posts\/112834\/revisions"}],"wp:featuredmedia":[{"embeddable":true,"href":"https:\/\/www.europesays.com\/fr\/wp-json\/wp\/v2\/media\/112835"}],"wp:attachment":[{"href":"https:\/\/www.europesays.com\/fr\/wp-json\/wp\/v2\/media?parent=112834"}],"wp:term":[{"taxonomy":"category","embeddable":true,"href":"https:\/\/www.europesays.com\/fr\/wp-json\/wp\/v2\/categories?post=112834"},{"taxonomy":"post_tag","embeddable":true,"href":"https:\/\/www.europesays.com\/fr\/wp-json\/wp\/v2\/tags?post=112834"}],"curies":[{"name":"wp","href":"https:\/\/api.w.org\/{rel}","templated":true}]}}