{"id":112841,"date":"2025-05-19T22:29:22","date_gmt":"2025-05-19T22:29:22","guid":{"rendered":"https:\/\/www.europesays.com\/fr\/112841\/"},"modified":"2025-05-19T22:29:22","modified_gmt":"2025-05-19T22:29:22","slug":"le-gradus-ad-musicam-rend-hommage-a-franz-schubert","status":"publish","type":"post","link":"https:\/\/www.europesays.com\/fr\/112841\/","title":{"rendered":"Le Gradus Ad Musicam rend hommage \u00e0 Franz Schubert"},"content":{"rendered":"<p>Le concert du Gradus Ad Musicam sera enti\u00e8rement consacr\u00e9 \u00e0 Franz Schubert, autour de deux de ses \u0153uvres, \u00e0 la fois embl\u00e9matiques de son g\u00e9nie, trop peu programm\u00e9es en France, et datant de la m\u00eame p\u00e9riode, 1820-1822, particuli\u00e8rement f\u00e9conde et empreinte d\u2019une grande spiritualit\u00e9.<\/p>\n<p>\u00c9crite sur un po\u00e8me de Goethe, Schubert utilise pour \u00ab\u00a0Gesang der Geister \u00fcber den Wassern\u00a0\u00bb une formation originale, un ch\u0153ur d\u2019hommes et un orchestre \u00e0 cordes sans violons. Schubert n\u2019a que 25 ans quand il \u00e9crit sa 5e et avant-derni\u00e8re messe, contemporaine de sa 8e symphonie, dite \u00ab\u00a0Inachev\u00e9e\u00a0\u00bb.<\/p>\n<p>L\u2019ensemble sera accompagn\u00e9 par les solistes\u00a0: Inna Jeskova, soprano\u00a0; Aline Martin, alto, Ju In Yoon, t\u00e9nor et Paul Berthelmot, basse. La direction sera assur\u00e9e par Fran\u00e7osi Leg\u00e9e.<\/p>\n<p class=\"note\">Samedi 24\u00a0mai salle Poirel \u00e0 20\u00a0h. Tarif s\u00a0: 22\u00a0\u20ac. 17\u00a0\u20ac groupe de plus de 10 personnes, 6\u00a0\u20ac pour les \u00e9tudiants\/scolaires et gratuit pour les enfants. R\u00e9servations sur le site de la salle Poirel.<\/p>\n","protected":false},"excerpt":{"rendered":"Le concert du Gradus Ad Musicam sera enti\u00e8rement consacr\u00e9 \u00e0 Franz Schubert, autour de deux de ses \u0153uvres,&hellip;\n","protected":false},"author":2,"featured_media":112842,"comment_status":"","ping_status":"","sticky":false,"template":"","format":"standard","meta":{"footnotes":""},"categories":[9635],"tags":[1111,11,1687,1704,1777,674,1011,27,775,873,1702,1703,12,25],"class_list":{"0":"post-112841","1":"post","2":"type-post","3":"status-publish","4":"format-standard","5":"has-post-thumbnail","7":"category-nancy","8":"tag-actu","9":"tag-actualites","10":"tag-culture-loisirs","11":"tag-edition-nancy-et-agglomeration","12":"tag-eu","13":"tag-europe","14":"tag-fr","15":"tag-france","16":"tag-grand-est","17":"tag-musique","18":"tag-nancy","19":"tag-nancy-ville-54b","20":"tag-news","21":"tag-republique-francaise"},"share_on_mastodon":{"url":"https:\/\/pubeurope.com\/@fr\/114536865206267657","error":""},"_links":{"self":[{"href":"https:\/\/www.europesays.com\/fr\/wp-json\/wp\/v2\/posts\/112841","targetHints":{"allow":["GET"]}}],"collection":[{"href":"https:\/\/www.europesays.com\/fr\/wp-json\/wp\/v2\/posts"}],"about":[{"href":"https:\/\/www.europesays.com\/fr\/wp-json\/wp\/v2\/types\/post"}],"author":[{"embeddable":true,"href":"https:\/\/www.europesays.com\/fr\/wp-json\/wp\/v2\/users\/2"}],"replies":[{"embeddable":true,"href":"https:\/\/www.europesays.com\/fr\/wp-json\/wp\/v2\/comments?post=112841"}],"version-history":[{"count":0,"href":"https:\/\/www.europesays.com\/fr\/wp-json\/wp\/v2\/posts\/112841\/revisions"}],"wp:featuredmedia":[{"embeddable":true,"href":"https:\/\/www.europesays.com\/fr\/wp-json\/wp\/v2\/media\/112842"}],"wp:attachment":[{"href":"https:\/\/www.europesays.com\/fr\/wp-json\/wp\/v2\/media?parent=112841"}],"wp:term":[{"taxonomy":"category","embeddable":true,"href":"https:\/\/www.europesays.com\/fr\/wp-json\/wp\/v2\/categories?post=112841"},{"taxonomy":"post_tag","embeddable":true,"href":"https:\/\/www.europesays.com\/fr\/wp-json\/wp\/v2\/tags?post=112841"}],"curies":[{"name":"wp","href":"https:\/\/api.w.org\/{rel}","templated":true}]}}