{"id":112850,"date":"2025-05-19T22:38:09","date_gmt":"2025-05-19T22:38:09","guid":{"rendered":"https:\/\/www.europesays.com\/fr\/112850\/"},"modified":"2025-05-19T22:38:09","modified_gmt":"2025-05-19T22:38:09","slug":"grenoble-deux-nouvelles-places-vont-prendre-le-nom-de-femmes-resistantes","status":"publish","type":"post","link":"https:\/\/www.europesays.com\/fr\/112850\/","title":{"rendered":"Grenoble. Deux nouvelles places vont prendre le nom de femmes r\u00e9sistantes"},"content":{"rendered":"<p>Dans le cadre des 80 ans de la Lib\u00e9ration, les six secteurs de la Ville de Grenoble vont d\u00e9sormais avoir au moins un espace public avec le nom de l\u2019une des six femmes Compagnons de la Lib\u00e9ration.<\/p>\n<p>Apr\u00e8s le parc Simone-Veil dans le secteur 4, la place Marie-Hackin dans le secteur 2, la place Simone-Michel-L\u00e9vy dans le secteur 3 et le parvis Marcelle-Henry dans le secteur 6, deux nouvelles places vont porter le nom de femmes r\u00e9sistantes dans les secteurs 4 et 5\u00a0: sur la Zac Flaubert, il y aura bient\u00f4t la place Laure-Diebold, Compagnon de la Lib\u00e9ration, alias Mado dans les services de Jean Moulin. Et une place \u00c9milienne-Moreau-Evrard, Compagnon de la Lib\u00e9ration, du c\u00f4t\u00e9 de l&rsquo;avenue Jean-Perrot.<\/p>\n","protected":false},"excerpt":{"rendered":"Dans le cadre des 80 ans de la Lib\u00e9ration, les six secteurs de la Ville de Grenoble vont&hellip;\n","protected":false},"author":2,"featured_media":112851,"comment_status":"","ping_status":"","sticky":false,"template":"","format":"standard","meta":{"footnotes":""},"categories":[9566],"tags":[1111,11,2430,1984,112,1777,674,6757,1011,27,2731,12,316,25,104],"class_list":{"0":"post-112850","1":"post","2":"type-post","3":"status-publish","4":"format-standard","5":"has-post-thumbnail","7":"category-grenoble","8":"tag-actu","9":"tag-actualites","10":"tag-auvergne-rhone-alpes","11":"tag-conseil-municipal","12":"tag-edition-grenoble-agglomeration","13":"tag-eu","14":"tag-europe","15":"tag-feminisme","16":"tag-fr","17":"tag-france","18":"tag-grenoble","19":"tag-news","20":"tag-politique","21":"tag-republique-francaise","22":"tag-societe"},"share_on_mastodon":{"url":"https:\/\/pubeurope.com\/@fr\/114536900415044995","error":""},"_links":{"self":[{"href":"https:\/\/www.europesays.com\/fr\/wp-json\/wp\/v2\/posts\/112850","targetHints":{"allow":["GET"]}}],"collection":[{"href":"https:\/\/www.europesays.com\/fr\/wp-json\/wp\/v2\/posts"}],"about":[{"href":"https:\/\/www.europesays.com\/fr\/wp-json\/wp\/v2\/types\/post"}],"author":[{"embeddable":true,"href":"https:\/\/www.europesays.com\/fr\/wp-json\/wp\/v2\/users\/2"}],"replies":[{"embeddable":true,"href":"https:\/\/www.europesays.com\/fr\/wp-json\/wp\/v2\/comments?post=112850"}],"version-history":[{"count":0,"href":"https:\/\/www.europesays.com\/fr\/wp-json\/wp\/v2\/posts\/112850\/revisions"}],"wp:featuredmedia":[{"embeddable":true,"href":"https:\/\/www.europesays.com\/fr\/wp-json\/wp\/v2\/media\/112851"}],"wp:attachment":[{"href":"https:\/\/www.europesays.com\/fr\/wp-json\/wp\/v2\/media?parent=112850"}],"wp:term":[{"taxonomy":"category","embeddable":true,"href":"https:\/\/www.europesays.com\/fr\/wp-json\/wp\/v2\/categories?post=112850"},{"taxonomy":"post_tag","embeddable":true,"href":"https:\/\/www.europesays.com\/fr\/wp-json\/wp\/v2\/tags?post=112850"}],"curies":[{"name":"wp","href":"https:\/\/api.w.org\/{rel}","templated":true}]}}