{"id":112852,"date":"2025-05-19T22:39:18","date_gmt":"2025-05-19T22:39:18","guid":{"rendered":"https:\/\/www.europesays.com\/fr\/112852\/"},"modified":"2025-05-19T22:39:18","modified_gmt":"2025-05-19T22:39:18","slug":"les-elus-de-la-majorite-refusent-de-se-soumettre-a-des-tests-anti-drogue-amenes-par-lopposition","status":"publish","type":"post","link":"https:\/\/www.europesays.com\/fr\/112852\/","title":{"rendered":"les \u00e9lus de la majorit\u00e9 refusent de se soumettre \u00e0 des tests anti-drogue amen\u00e9s par l&rsquo;opposition"},"content":{"rendered":"<p itemprop=\"description\"><strong>Faites ce que je dis, pas ce que je fais.<\/strong><\/p>\n<p>Ce lundi 20 mai, en pleine s\u00e9ance du conseil municipal de Grenoble, le leader de l&rsquo;opposition Alain Carignon a distribu\u00e9 des tests salivaires anti-drogue \u00e0 tous les \u00e9lus.<\/p>\n<p>Une mani\u00e8re de prendre \u00c9ric Piolle au mot, apr\u00e8s sa proposition choc de f\u00e9vrier dernier.<\/p>\n<p>Alors que le conseil municipal s\u2019ouvrait \u00e0 peine, Alain Carignon a sollicit\u00e9 une suspension de s\u00e9ance avant de se lever et de commencer \u00e0 distribuer des tests antidrogue. Son objectif : \u00ab\u00a0Proposer au conseil municipal des tests antidrogue anonymis\u00e9s afin de v\u00e9rifier, comme (Eric Piolle l&rsquo;avait) propos\u00e9 aux d\u00e9put\u00e9s en le leur r\u00e9clamant devant l\u2019Assembl\u00e9e Nationale, de voir si le probl\u00e8me touche aussi les cercles de d\u00e9cision\u00a0\u00bb.<\/p>\n<p>Et le pr\u00e9sident du groupe soci\u00e9t\u00e9 civile d&rsquo;ironiser : \u00ab\u00a0Nous sommes convaincus que vous-m\u00eame et votre majorit\u00e9 appliquerez, comme d\u2019habitude, les principes de transparence que vous r\u00e9clamez aux autres de fa\u00e7on \u00e0 ne laisser aucune trace au soup\u00e7on de consommation de drogue au conseil municipal\u00a0\u00bb.<\/p>\n<p>Car pour rappel, en f\u00e9vrier, \u00c9ric Piolle avait propos\u00e9 d\u2019imposer des tests salivaires aux \u00e9lus du Parlement, pour faire un point sur la consommation de drogues parmi les responsables politiques. Le maire \u00e9cologiste avait alors cru bien faire, en cr\u00e9ant un d\u00e9bat national. Mais la pol\u00e9mique lui revient \u00e0 Grenoble comme un boomerang.<\/p>\n<p>Seuls les \u00e9lus d\u2019opposition ont accept\u00e9 de se pr\u00eater au jeu. La majorit\u00e9 municipale a refus\u00e9 de s&rsquo;y plier et le maire a m\u00eame d\u00e9nonc\u00e9 \u00ab\u00a0un coup de com\u00a0\u00bb d&rsquo;Alain Carignon.<\/p>\n<p>Les tests des \u00e9lus de l&rsquo;opposition se sont av\u00e9r\u00e9s n\u00e9gatifs. Les Grenoblois ne sauront jamais ce qu&rsquo;il en aurait \u00e9t\u00e9 pour la majorit\u00e9 municipale&#8230;<\/p>\n","protected":false},"excerpt":{"rendered":"Faites ce que je dis, pas ce que je fais. Ce lundi 20 mai, en pleine s\u00e9ance du&hellip;\n","protected":false},"author":2,"featured_media":112853,"comment_status":"","ping_status":"","sticky":false,"template":"","format":"standard","meta":{"footnotes":""},"categories":[9566],"tags":[1111,11,7733,8279,2430,7736,650,7734,2889,2263,1777,674,1011,27,2731,8280,6417,1114,108,4662,12,3725,1825,25,7737],"class_list":{"0":"post-112852","1":"post","2":"type-post","3":"status-publish","4":"format-standard","5":"has-post-thumbnail","7":"category-grenoble","8":"tag-actu","9":"tag-actualites","10":"tag-alpes","11":"tag-alpes1","12":"tag-auvergne-rhone-alpes","13":"tag-cds","14":"tag-cinema","15":"tag-ecoute","16":"tag-emission","17":"tag-equipe","18":"tag-eu","19":"tag-europe","20":"tag-fr","21":"tag-france","22":"tag-grenoble","23":"tag-haute","24":"tag-information","25":"tag-infos","26":"tag-isere","27":"tag-journal","28":"tag-news","29":"tag-podcast","30":"tag-radio","31":"tag-republique-francaise","32":"tag-winamp"},"share_on_mastodon":{"url":"https:\/\/pubeurope.com\/@fr\/114536904367042821","error":""},"_links":{"self":[{"href":"https:\/\/www.europesays.com\/fr\/wp-json\/wp\/v2\/posts\/112852","targetHints":{"allow":["GET"]}}],"collection":[{"href":"https:\/\/www.europesays.com\/fr\/wp-json\/wp\/v2\/posts"}],"about":[{"href":"https:\/\/www.europesays.com\/fr\/wp-json\/wp\/v2\/types\/post"}],"author":[{"embeddable":true,"href":"https:\/\/www.europesays.com\/fr\/wp-json\/wp\/v2\/users\/2"}],"replies":[{"embeddable":true,"href":"https:\/\/www.europesays.com\/fr\/wp-json\/wp\/v2\/comments?post=112852"}],"version-history":[{"count":0,"href":"https:\/\/www.europesays.com\/fr\/wp-json\/wp\/v2\/posts\/112852\/revisions"}],"wp:featuredmedia":[{"embeddable":true,"href":"https:\/\/www.europesays.com\/fr\/wp-json\/wp\/v2\/media\/112853"}],"wp:attachment":[{"href":"https:\/\/www.europesays.com\/fr\/wp-json\/wp\/v2\/media?parent=112852"}],"wp:term":[{"taxonomy":"category","embeddable":true,"href":"https:\/\/www.europesays.com\/fr\/wp-json\/wp\/v2\/categories?post=112852"},{"taxonomy":"post_tag","embeddable":true,"href":"https:\/\/www.europesays.com\/fr\/wp-json\/wp\/v2\/tags?post=112852"}],"curies":[{"name":"wp","href":"https:\/\/api.w.org\/{rel}","templated":true}]}}