{"id":112860,"date":"2025-05-19T22:43:13","date_gmt":"2025-05-19T22:43:13","guid":{"rendered":"https:\/\/www.europesays.com\/fr\/112860\/"},"modified":"2025-05-19T22:43:13","modified_gmt":"2025-05-19T22:43:13","slug":"hockey-sur-glace-lespagnol-alejandro-burgos-prolonge-a-strasbourg","status":"publish","type":"post","link":"https:\/\/www.europesays.com\/fr\/112860\/","title":{"rendered":"Hockey sur glace. L&rsquo;Espagnol Alejandro Burgos prolonge \u00e0 Strasbourg"},"content":{"rendered":"<p>L&rsquo;Etoile Noire continue de construire son effectif pour la prochaine saison de D1 en faisant re-signer ses cadres.<\/p>\n<p>Apr\u00e8s le capitaine qu\u00e9b\u00e9cois <strong><a href=\"https:\/\/www.eliteprospects.com\/player\/37468\/sebastien-trudeau\" target=\"_blank\" rel=\"noopener\">S\u00e9bastien Trudeau<\/a><\/strong>, le d\u00e9fenseur fran\u00e7ais <strong><a href=\"https:\/\/www.eliteprospects.com\/player\/100520\/thomas-giorgi\" target=\"_blank\" rel=\"noopener\">Thomas Giorgi<\/a><\/strong> et le gardien slovaque <strong><a href=\"https:\/\/www.eliteprospects.com\/player\/15185\/tomas-hiadlovsky\" target=\"_blank\" rel=\"noopener\">Tomas Hiadlovsky<\/a><\/strong>, le club strasbourgeois a annonc\u00e9 ce lundi que son attaquant espagnol <strong><a href=\"https:\/\/www.eliteprospects.com\/player\/240183\/alejandro-burgos-ramirez\" target=\"_blank\" rel=\"noopener\">Alejandro Burgos<\/a><\/strong>, arriv\u00e9 durant l&rsquo;\u00e9t\u00e9 2019, poursuit l&rsquo;aventure pour une septi\u00e8me saison.<\/p>\n<p>Ce contenu est bloqu\u00e9 car vous n&rsquo;avez pas accept\u00e9 les cookies et autres traceurs.<\/p>\n<p>En cliquant sur \u00ab J\u2019accepte \u00bb, les cookies et autres traceurs seront d\u00e9pos\u00e9s et vous pourrez visualiser les contenus  (<a href=\"\" class=\"consentModule_policy\" target=\"_blank\" title=\"Consulter la politique de protection des donn\u00e9es du fournisseur\">plus d&rsquo;informations<\/a>).<\/p>\n<p>En cliquant sur \u00ab J\u2019accepte tous les cookies \u00bb, vous autorisez des d\u00e9p\u00f4ts de cookies et autres traceurs pour le stockage de vos donn\u00e9es sur nos sites et applications \u00e0 des fins de personnalisation et de ciblage publicitaire.<\/p>\n<p class=\"consentModule_secondaryText\">Vous gardez la possibilit\u00e9 de retirer votre consentement \u00e0 tout moment en consultant notre <a href=\"https:\/\/www.dna.fr\/protection-des-donnees\" target=\"_blank\" title=\"Consulter notre politique de protection des donn\u00e9es\" rel=\"noopener\">politique de protection des donn\u00e9es<\/a>. <br \/>&#13;<br \/>\n            <a href=\"https:\/\/www.dna.fr\/sport\/2025\/05\/19\/javascript:Didomi.notice.show()\" class=\"consentModule_cmp\" target=\"_blank\" rel=\"noopener\">G\u00e9rer mes choix<\/a>&#13;\n        <\/p>\n<p>&#13;<br \/>\n                        J&rsquo;accepte&#13;<br \/>\n            J&rsquo;accepte tous les cookies&#13;\n        <\/p>\n<p>Absent un mois et demi cette saison apr\u00e8s s&rsquo;\u00eatre bless\u00e9 en match de pr\u00e9paration avec l&rsquo;Espagne contre Anglet, Burgos a disput\u00e9 23 des 30 matches en saison r\u00e9guli\u00e8re (9 buts, 10 assists). En play-offs, il a inscrit 2 buts (5 assists) en 10 matches.<\/p>\n<p>Outre ces quatre prolongations, l&rsquo;Etoile Noire a enregistr\u00e9 l&rsquo;arriv\u00e9e du d\u00e9fenseur fran\u00e7ais <strong><a href=\"https:\/\/www.eliteprospects.com\/player\/471838\/mathias-thomas\" target=\"_blank\" rel=\"noopener\">Mathias Thomas<\/a><\/strong> et du Tch\u00e8que <strong><a href=\"https:\/\/www.eliteprospects.com\/player\/22648\/vit-budinsky\" target=\"_blank\" rel=\"noopener\">Vit Budinsky<\/a><\/strong>, le MVP de la saison r\u00e9guli\u00e8re de D1. L&rsquo;\u00e9quipe sera dirig\u00e9e par le Tch\u00e8que Michal Duras, apr\u00e8s une saison en bin\u00f4me avec l&#8217;embl\u00e9matique qu\u00e9b\u00e9cois Daniel Bourdages, d\u00e9sormais retrait\u00e9.<\/p>\n","protected":false},"excerpt":{"rendered":"L&rsquo;Etoile Noire continue de construire son effectif pour la prochaine saison de D1 en faisant re-signer ses cadres.&hellip;\n","protected":false},"author":2,"featured_media":112861,"comment_status":"","ping_status":"","sticky":false,"template":"","format":"standard","meta":{"footnotes":""},"categories":[2820],"tags":[1111,11,23248,1777,674,107,1011,27,775,4133,12,25,517,640],"class_list":{"0":"post-112860","1":"post","2":"type-post","3":"status-publish","4":"format-standard","5":"has-post-thumbnail","7":"category-strasbourg","8":"tag-actu","9":"tag-actualites","10":"tag-etoile-noire-strasbourg","11":"tag-eu","12":"tag-europe","13":"tag-fil-info","14":"tag-fr","15":"tag-france","16":"tag-grand-est","17":"tag-hockey-sur-glace","18":"tag-news","19":"tag-republique-francaise","20":"tag-sport","21":"tag-strasbourg"},"share_on_mastodon":{"url":"https:\/\/pubeurope.com\/@fr\/114536920232512271","error":""},"_links":{"self":[{"href":"https:\/\/www.europesays.com\/fr\/wp-json\/wp\/v2\/posts\/112860","targetHints":{"allow":["GET"]}}],"collection":[{"href":"https:\/\/www.europesays.com\/fr\/wp-json\/wp\/v2\/posts"}],"about":[{"href":"https:\/\/www.europesays.com\/fr\/wp-json\/wp\/v2\/types\/post"}],"author":[{"embeddable":true,"href":"https:\/\/www.europesays.com\/fr\/wp-json\/wp\/v2\/users\/2"}],"replies":[{"embeddable":true,"href":"https:\/\/www.europesays.com\/fr\/wp-json\/wp\/v2\/comments?post=112860"}],"version-history":[{"count":0,"href":"https:\/\/www.europesays.com\/fr\/wp-json\/wp\/v2\/posts\/112860\/revisions"}],"wp:featuredmedia":[{"embeddable":true,"href":"https:\/\/www.europesays.com\/fr\/wp-json\/wp\/v2\/media\/112861"}],"wp:attachment":[{"href":"https:\/\/www.europesays.com\/fr\/wp-json\/wp\/v2\/media?parent=112860"}],"wp:term":[{"taxonomy":"category","embeddable":true,"href":"https:\/\/www.europesays.com\/fr\/wp-json\/wp\/v2\/categories?post=112860"},{"taxonomy":"post_tag","embeddable":true,"href":"https:\/\/www.europesays.com\/fr\/wp-json\/wp\/v2\/tags?post=112860"}],"curies":[{"name":"wp","href":"https:\/\/api.w.org\/{rel}","templated":true}]}}