{"id":112884,"date":"2025-05-19T22:55:09","date_gmt":"2025-05-19T22:55:09","guid":{"rendered":"https:\/\/www.europesays.com\/fr\/112884\/"},"modified":"2025-05-19T22:55:09","modified_gmt":"2025-05-19T22:55:09","slug":"marseille-les-declarations-croustillantes-de-mehdi-benatia-sur-le-mercato-estival","status":"publish","type":"post","link":"https:\/\/www.europesays.com\/fr\/112884\/","title":{"rendered":"Marseille, les d\u00e9clarations croustillantes de Mehdi Benatia sur le mercato estival"},"content":{"rendered":"<p><a href=\"https:\/\/www.goal.com\/fr\/auteur\/bour-han-amoussa\/blt832e976143acfd87\" target=\"_blank\" rel=\"noopener\">Bour Han Amoussa<\/a><a class=\"tag_tag__bj3Yq component-tag h6\" title=\"Mercato\" data-testid=\"single-tag\" data-type=\"CATEGORY\" href=\"https:\/\/www.goal.com\/fr\/categorie\/mercato\/1\/k94w8e1yy9ch14mllpf4srnks\" target=\"_blank\" rel=\"noopener\">Mercato<\/a><a class=\"tag_tag__bj3Yq component-tag h6\" title=\"Ligue 1\" data-testid=\"single-tag\" data-type=\"COMPETITION\" href=\"https:\/\/www.goal.com\/fr\/ligue-1\/dm5ka0os1e3dxcp3vh05kmp33\" target=\"_blank\" rel=\"noopener\">Ligue 1<\/a><a class=\"tag_tag__bj3Yq component-tag h6\" title=\"Marseille\" data-testid=\"single-tag\" data-type=\"TEAM\" href=\"https:\/\/www.goal.com\/fr\/equipe\/marseille\/27xvwccz8kpmqsefjv2b2sc0o\" target=\"_blank\" rel=\"noopener\">Marseille<\/a><a class=\"tag_tag__bj3Yq component-tag h6\" title=\"M. Greenwood\" data-testid=\"single-tag\" data-type=\"PERSON\" href=\"https:\/\/www.goal.com\/fr\/joueur\/m-greenwood\/6kicom9a3lzp49urle78bevl6\" target=\"_blank\" rel=\"noopener\">M. Greenwood<\/a><a class=\"tag_tag__bj3Yq component-tag h6\" title=\"A. Laporte\" data-testid=\"single-tag\" data-type=\"PERSON\" href=\"https:\/\/www.goal.com\/fr\/joueur\/a-laporte\/7fmpgkx58o9pivo2bbnxxkt05\" target=\"_blank\" rel=\"noopener\">A. Laporte<\/a><a class=\"tag_tag__bj3Yq component-tag h6\" title=\"F. Medina\" data-testid=\"single-tag\" data-type=\"PERSON\" href=\"https:\/\/www.goal.com\/fr\/joueur\/f-medina\/bkcpSnAfjbe_9xPNmi3Ib\" target=\"_blank\" rel=\"noopener\">F. Medina<\/a><\/p>\n<p data-testid=\"article-teaser\" class=\"article_teaser__rjxUK\">Le directeur du football, Mehdi Benatia, a fait de grandes annonces sur le mercato estival de l\u2019OM, lundi.<\/p>\n<p>L\u2019Olympique de Marseille s\u2019appr\u00eate \u00e0 vivre un \u00e9t\u00e9 br\u00fblant. Qualifi\u00e9 pour la Ligue des champions, le club phoc\u00e9en doit renforcer son effectif sans compromettre ses \u00e9quilibres financiers. <a href=\"https:\/\/www.goal.com\/fr\/listes\/psg-inter-le-pronostic-lunaire-de-mehdi-benatia\/blt648953d2a8f81ae3\" target=\"_self\" rel=\"noopener\">Invit\u00e9 de RMC ce lundi, Mehdi Benatia a d\u00e9voil\u00e9 plusieurs pistes et confirm\u00e9 que des discussions avanc\u00e9es \u00e9taient en cours<\/a>. <a href=\"https:\/\/www.goal.com\/fr\/listes\/mercato-les-chantiers-prioritaires-de-l-om-pour-l-ete-prochain\/bltf197a122bd7420c9\" target=\"_self\" rel=\"noopener\">Le directeur du football marseillais n\u2019a \u00e9lud\u00e9 aucun sujet, livrant quelques confidences aussi inattendues que r\u00e9v\u00e9latrices.<\/a><\/p>\n<p>L&rsquo;article continue ci-dessous<\/p>\n","protected":false},"excerpt":{"rendered":"Bour Han AmoussaMercatoLigue 1MarseilleM. GreenwoodA. LaporteF. Medina Le directeur du football, Mehdi Benatia, a fait de grandes annonces&hellip;\n","protected":false},"author":2,"featured_media":112885,"comment_status":"","ping_status":"","sticky":false,"template":"","format":"standard","meta":{"footnotes":""},"categories":[2814],"tags":[23253,1111,11,1777,674,23254,1011,27,66,20447,884,1434,12,882,25],"class_list":{"0":"post-112884","1":"post","2":"type-post","3":"status-publish","4":"format-standard","5":"has-post-thumbnail","7":"category-marseille","8":"tag-a-laporte","9":"tag-actu","10":"tag-actualites","11":"tag-eu","12":"tag-europe","13":"tag-f-medina","14":"tag-fr","15":"tag-france","16":"tag-ligue-1","17":"tag-m-greenwood","18":"tag-marseille","19":"tag-mercato","20":"tag-news","21":"tag-provence-alpes-cote-dazur","22":"tag-republique-francaise"},"share_on_mastodon":{"url":"https:\/\/pubeurope.com\/@fr\/114536967258649985","error":""},"_links":{"self":[{"href":"https:\/\/www.europesays.com\/fr\/wp-json\/wp\/v2\/posts\/112884","targetHints":{"allow":["GET"]}}],"collection":[{"href":"https:\/\/www.europesays.com\/fr\/wp-json\/wp\/v2\/posts"}],"about":[{"href":"https:\/\/www.europesays.com\/fr\/wp-json\/wp\/v2\/types\/post"}],"author":[{"embeddable":true,"href":"https:\/\/www.europesays.com\/fr\/wp-json\/wp\/v2\/users\/2"}],"replies":[{"embeddable":true,"href":"https:\/\/www.europesays.com\/fr\/wp-json\/wp\/v2\/comments?post=112884"}],"version-history":[{"count":0,"href":"https:\/\/www.europesays.com\/fr\/wp-json\/wp\/v2\/posts\/112884\/revisions"}],"wp:featuredmedia":[{"embeddable":true,"href":"https:\/\/www.europesays.com\/fr\/wp-json\/wp\/v2\/media\/112885"}],"wp:attachment":[{"href":"https:\/\/www.europesays.com\/fr\/wp-json\/wp\/v2\/media?parent=112884"}],"wp:term":[{"taxonomy":"category","embeddable":true,"href":"https:\/\/www.europesays.com\/fr\/wp-json\/wp\/v2\/categories?post=112884"},{"taxonomy":"post_tag","embeddable":true,"href":"https:\/\/www.europesays.com\/fr\/wp-json\/wp\/v2\/tags?post=112884"}],"curies":[{"name":"wp","href":"https:\/\/api.w.org\/{rel}","templated":true}]}}