{"id":112888,"date":"2025-05-19T22:57:08","date_gmt":"2025-05-19T22:57:08","guid":{"rendered":"https:\/\/www.europesays.com\/fr\/112888\/"},"modified":"2025-05-19T22:57:08","modified_gmt":"2025-05-19T22:57:08","slug":"lyon-six-blesses-dont-trois-graves-dans-une-rixe-au-couteau-apres-une-collision-entre-deux-voitures","status":"publish","type":"post","link":"https:\/\/www.europesays.com\/fr\/112888\/","title":{"rendered":"Lyon\u00a0: six bless\u00e9s, dont trois graves, dans une rixe au couteau apr\u00e8s une collision entre deux voitures"},"content":{"rendered":"<p class=\"paragraph text_align_left\">Une rixe a \u00e9clat\u00e9, ce lundi 19 mai dans la soir\u00e9e \u00e0 Lyon (<a href=\"https:\/\/www.leparisien.fr\/rhone-69\/\" target=\"_blank\" rel=\"noreferrer nofollow noopener\">Rh\u00f4ne<\/a>), faisant au moins six bless\u00e9es, dont trois gri\u00e8vement, apr\u00e8s une collision entre deux voitures, a fait savoir la pr\u00e9fecture de la r\u00e9gion Auvergne-Rh\u00f4ne-Alpes \u00e0 l\u2019AFP.<\/p>\n<p class=\"paragraph text_align_left\">Peu apr\u00e8s 20 heures, deux v\u00e9hicules se sont percut\u00e9s, dans des circonstances encore inconnues, dans le Ve arrondissement de Lyon, a pr\u00e9cis\u00e9 la pr\u00e9fecture, confirmant une information du quotidien r\u00e9gional <a href=\"https:\/\/www.leprogres.fr\/faits-divers-justice\/2025\/05\/19\/rixe-a-coups-de-couteaux-six-blesses-dont-deux-graves-a-menival\" target=\"_blank\" rel=\"noreferrer nofollow noopener\">Le Progr\u00e8s<\/a>.<\/p>\n<p>Le pronostic vital de deux bless\u00e9s engag\u00e9<\/p>\n<p class=\"paragraph text_align_left\">Apr\u00e8s la collision, les occupants des deux voitures <a href=\"https:\/\/www.leparisien.fr\/faits-divers\/villeurbanne-un-jeune-homme-entre-la-vie-et-la-mort-apres-avoir-ete-poignarde-sur-fond-de-trafic-de-drogue-22-04-2025-WCZS37LFJBCXHG7RR2MXLQAYIE.php\" target=\"_blank\" rel=\"noreferrer nofollow noopener\">se sont violemment battus \u00e0 coups de couteau<\/a>. Plusieurs \u00e9quipages de pompiers, du Samu et de la police ont \u00e9t\u00e9 d\u00e9p\u00each\u00e9s sur place.<\/p>\n<p class=\"paragraph text_align_left\">Six personnes ont \u00e9t\u00e9 bless\u00e9es dans la rixe. Trois sont en urgence relative et trois autres en urgence absolue, dont deux avec pronostic vital engag\u00e9, selon la pr\u00e9fecture. Les bless\u00e9s, \u00e2g\u00e9s de 27 \u00e0 34 ans, ont \u00e9t\u00e9 conduits dans diff\u00e9rents h\u00f4pitaux, sous escorte polici\u00e8re.<\/p>\n","protected":false},"excerpt":{"rendered":"Une rixe a \u00e9clat\u00e9, ce lundi 19 mai dans la soir\u00e9e \u00e0 Lyon (Rh\u00f4ne), faisant au moins six&hellip;\n","protected":false},"author":2,"featured_media":112889,"comment_status":"","ping_status":"","sticky":false,"template":"","format":"standard","meta":{"footnotes":""},"categories":[1889],"tags":[1111,11,2430,459,1777,674,118,1011,27,2428,12,25],"class_list":{"0":"post-112888","1":"post","2":"type-post","3":"status-publish","4":"format-standard","5":"has-post-thumbnail","7":"category-lyon","8":"tag-actu","9":"tag-actualites","10":"tag-auvergne-rhone-alpes","11":"tag-departements-horsidfo","12":"tag-eu","13":"tag-europe","14":"tag-faits-divers","15":"tag-fr","16":"tag-france","17":"tag-lyon","18":"tag-news","19":"tag-republique-francaise"},"share_on_mastodon":{"url":"https:\/\/pubeurope.com\/@fr\/114536975072534414","error":""},"_links":{"self":[{"href":"https:\/\/www.europesays.com\/fr\/wp-json\/wp\/v2\/posts\/112888","targetHints":{"allow":["GET"]}}],"collection":[{"href":"https:\/\/www.europesays.com\/fr\/wp-json\/wp\/v2\/posts"}],"about":[{"href":"https:\/\/www.europesays.com\/fr\/wp-json\/wp\/v2\/types\/post"}],"author":[{"embeddable":true,"href":"https:\/\/www.europesays.com\/fr\/wp-json\/wp\/v2\/users\/2"}],"replies":[{"embeddable":true,"href":"https:\/\/www.europesays.com\/fr\/wp-json\/wp\/v2\/comments?post=112888"}],"version-history":[{"count":0,"href":"https:\/\/www.europesays.com\/fr\/wp-json\/wp\/v2\/posts\/112888\/revisions"}],"wp:featuredmedia":[{"embeddable":true,"href":"https:\/\/www.europesays.com\/fr\/wp-json\/wp\/v2\/media\/112889"}],"wp:attachment":[{"href":"https:\/\/www.europesays.com\/fr\/wp-json\/wp\/v2\/media?parent=112888"}],"wp:term":[{"taxonomy":"category","embeddable":true,"href":"https:\/\/www.europesays.com\/fr\/wp-json\/wp\/v2\/categories?post=112888"},{"taxonomy":"post_tag","embeddable":true,"href":"https:\/\/www.europesays.com\/fr\/wp-json\/wp\/v2\/tags?post=112888"}],"curies":[{"name":"wp","href":"https:\/\/api.w.org\/{rel}","templated":true}]}}