{"id":112895,"date":"2025-05-19T23:02:08","date_gmt":"2025-05-19T23:02:08","guid":{"rendered":"https:\/\/www.europesays.com\/fr\/112895\/"},"modified":"2025-05-19T23:02:08","modified_gmt":"2025-05-19T23:02:08","slug":"deja-aujourdhui-cest-complique-le-temps-de-linfirmiere-reduit-un-college-de-neuilly-en-greve","status":"publish","type":"post","link":"https:\/\/www.europesays.com\/fr\/112895\/","title":{"rendered":"\u00ab\u00a0D\u00e9j\u00e0 aujourd\u2019hui, c\u2019est compliqu\u00e9\u00a0\u00bb\u00a0: le temps de l\u2019infirmi\u00e8re\u00a0r\u00e9duit, un coll\u00e8ge de Neuilly en gr\u00e8ve"},"content":{"rendered":"<p class=\"paragraph text_align_left\">Ce n\u2019est pas tous les jours qu\u2019un \u00e9tablissement scolaire se met en gr\u00e8ve \u00e0 Neuilly-sur-Seine. Mais au nom de \u00ab la sant\u00e9 des enfants \u00bb, le coll\u00e8ge Andr\u00e9-Maurois a tourn\u00e9 au ralenti, ce lundi. 21 enseignants et personnels de vie scolaire \u00e9taient en gr\u00e8ve sur une trentaine, selon les manifestants, alors que le temps de pr\u00e9sence de l\u2019infirmi\u00e8re scolaire doit \u00eatre divis\u00e9 par deux l\u2019an prochain.<\/p>\n<p class=\"paragraph text_align_left\">\u00ab Officiellement, il s\u2019agit d\u2019une r\u00e9duction horaire de l\u2019infirmi\u00e8re, qui passerait de deux jours et demi de pr\u00e9sence par semaine \u00e0 une journ\u00e9e et quart. Dans les faits, cela permet de supprimer un poste en en fusionnant deux \u00bb, remarque les gr\u00e9vistes dans un communiqu\u00e9.<\/p>\n<p class=\"paragraph text_align_left\">L\u2019infirmi\u00e8re actuellement en poste devrait en effet quitter ce coll\u00e8ge de 480 \u00e9l\u00e8ves et c\u00e9der sa place \u00e0 sa cons\u0153ur du coll\u00e8ge Th\u00e9ophile-Gautier, laquelle partagera son temps entre les deux \u00e9tablissements.<\/p>\n<p>\u00ab Les \u00e9l\u00e8ves trouvaient en elle une oreille attentive \u00bb<\/p>\n<p class=\"paragraph text_align_left\">\u00ab D\u00e9j\u00e0 aujourd\u2019hui, c\u2019est compliqu\u00e9 les deux jours o\u00f9 l\u2019infirmi\u00e8re n\u2019est pas l\u00e0 car tout nous revient \u00e0 la vie scolaire : les maladies, la bobologie, appeler les parents, etc., alors que j\u2019ai une petite \u00e9quipe de trois surveillants par jour. Alors l\u2019ann\u00e9e prochaine, avec un seul jour de pr\u00e9sence de la soignante, ce sera encore plus lourd \u00bb, craint Audelia Friedman, CPE du coll\u00e8ge.<\/p>\n<p class=\"paragraph text_align_left\">L\u2019infirmi\u00e8re actuelle \u00e9tait dans l\u2019\u00e9tablissement depuis six ans. \u00ab Les \u00e9l\u00e8ves la connaissent bien et trouvaient en elle une oreille attentive, poursuit la CPE. Cet aspect est tr\u00e8s important car il y a beaucoup de mal-\u00eatre chez certains jeunes de Neuilly, soumis \u00e0 la pression des parents et qui se sentent un peu seuls. \u00bb<\/p>\n<p class=\"paragraph text_align_left\">Le mouvement est soutenu par la f\u00e9d\u00e9ration des Parents d\u2019\u00c9l\u00e8ves de l\u2019Enseignement Public (PEEP), qui devrait prendre le relais ce mardi. \u00ab Demain matin (mardi), les parents qui le souhaitent ne mettront pas leurs enfants au coll\u00e8ge, pr\u00e9vient Catherine Jacob, pr\u00e9sidente de la PEEP du coll\u00e8ge Andr\u00e9-Maurois. Je suis apolitique mais l\u00e0, il en va de la sant\u00e9 de nos enfants. \u00bb<\/p>\n<p>\u00ab Qui va s\u2019occuper de leur donner les m\u00e9dicaments ? \u00bb<\/p>\n<p class=\"paragraph text_align_left\">Elle rappelle que le coll\u00e8ge compte une classe Ulis avec des enfants en difficult\u00e9 et une classe UPE2A (unit\u00e9 p\u00e9dagogique pour \u00e9l\u00e8ves allophones arrivants). \u00ab Il y a aussi 30 PAI (projet d\u2019accueil individualis\u00e9). Qui va s\u2019occuper de leur donner les m\u00e9dicaments ? \u00bb<\/p>\n<p class=\"paragraph text_align_left\">La col\u00e8re est d\u2019autant plus grande qu\u2019elle va, selon les gr\u00e9vistes, \u00e0 l\u2019encontre <a href=\"https:\/\/www.leparisien.fr\/societe\/notre-systeme-ne-repond-plus-aux-besoins-des-eleves-les-mesures-delisabeth-borne-pour-renforcer-la-sante-a-lecole-14-05-2025-UCHY757ZFZEB3ESYFUQK6LY7B4.php\" target=\"_self\" rel=\"noopener\">des mesures minist\u00e9rielles prises lors des Assises de la sant\u00e9 scolaire<\/a>, le 14 mai dernier, pour r\u00e9former la m\u00e9decine pr\u00e9ventive \u00e0 l\u2019\u00e9cole. La ministre de l\u2019\u00c9ducation, \u00c9lisabeth Borne, avait notamment annonc\u00e9 un \u00ab renforcement des effectifs d\u2019infirmiers, d\u2019assistants sociaux et de psychologues de l\u2019\u00c9ducation nationale \u00bb. Sans toutefois s\u2019avancer sur un nombre de postes pr\u00e9cis alors qu\u2019il manquait, il y a peu, environ <a href=\"https:\/\/www.leparisien.fr\/hauts-de-seine-92\/piqures-dinsuline-bobologie-la-nouvelle-routine-du-personnel-du-lycee-joliot-curie-de-nanterre-toujours-sans-infirmiere-13-05-2025-4TRW7QO5CJE3PBRCD4S5GQ4U2Y.php\" rel=\"noopener\" target=\"_blank\">15 000 infirmiers et infirmi\u00e8res scolaires en<\/a> France.<\/p>\n<p>Un poste d\u2019infirmier en moins dans le d\u00e9partement<\/p>\n<p class=\"paragraph text_align_left\">C\u2019est d\u2019ailleurs ce manque de personnels soignants, qui a provoqu\u00e9 cette mutualisation des moyens \u00e0 Neuilly. \u00ab Le d\u00e9partement des Hauts-de-Seine a vu son nombre de postes d\u2019infirmiers diminuer d\u2019une unit\u00e9 pour la rentr\u00e9e 2025 \u00bb, indique le rectorat de Versailles, pour expliquer son choix de \u00ab cr\u00e9er un poste infirmier \u00e0 service partag\u00e9 entre (deux) \u00e9tablissements g\u00e9ographiquement proches \u00bb. Et de pr\u00e9ciser que \u00ab le choix de l\u2019infirmi\u00e8re restante s\u2019est fait en fonction de l\u2019anciennet\u00e9 \u00bb.<\/p>\n<p class=\"paragraph text_align_left\">\u00ab La gestion des ressources humaines de sant\u00e9 doit composer avec les moyens allou\u00e9s \u00e0 l\u2019\u00e9chelle nationale et se d\u00e9cline dans un souci constant d\u2019efficacit\u00e9, de proximit\u00e9 et de continuit\u00e9 du service rendu aux \u00e9l\u00e8ves \u00bb, ajoute le rectorat.<\/p>\n<p class=\"paragraph text_align_left\">\u00ab Ce red\u00e9ploiement ne signifie nullement un d\u00e9sengagement de l\u2019\u00c9ducation nationale en mati\u00e8re de sant\u00e9 scolaire, assure-t-il encore. Bien au contraire, les missions des personnels infirmiers seront maintenues (d\u00e9pistages de 6e, accompagnement des actions de pr\u00e9vention, participation aux cellules de veille, contribution \u00e0 la protection de l\u2019enfance en danger\u2026) \u00bb<\/p>\n","protected":false},"excerpt":{"rendered":"Ce n\u2019est pas tous les jours qu\u2019un \u00e9tablissement scolaire se met en gr\u00e8ve \u00e0 Neuilly-sur-Seine. Mais au nom&hellip;\n","protected":false},"author":2,"featured_media":112896,"comment_status":"","ping_status":"","sticky":false,"template":"","format":"standard","meta":{"footnotes":""},"categories":[1888],"tags":[11,1777,674,1011,27,3314,1944,12,626,25],"class_list":{"0":"post-112895","1":"post","2":"type-post","3":"status-publish","4":"format-standard","5":"has-post-thumbnail","7":"category-paris","8":"tag-actualites","9":"tag-eu","10":"tag-europe","11":"tag-fr","12":"tag-france","13":"tag-hauts-de-seine","14":"tag-ma-ville","15":"tag-news","16":"tag-paris","17":"tag-republique-francaise"},"share_on_mastodon":{"url":"https:\/\/pubeurope.com\/@fr\/114536994799507174","error":""},"_links":{"self":[{"href":"https:\/\/www.europesays.com\/fr\/wp-json\/wp\/v2\/posts\/112895","targetHints":{"allow":["GET"]}}],"collection":[{"href":"https:\/\/www.europesays.com\/fr\/wp-json\/wp\/v2\/posts"}],"about":[{"href":"https:\/\/www.europesays.com\/fr\/wp-json\/wp\/v2\/types\/post"}],"author":[{"embeddable":true,"href":"https:\/\/www.europesays.com\/fr\/wp-json\/wp\/v2\/users\/2"}],"replies":[{"embeddable":true,"href":"https:\/\/www.europesays.com\/fr\/wp-json\/wp\/v2\/comments?post=112895"}],"version-history":[{"count":0,"href":"https:\/\/www.europesays.com\/fr\/wp-json\/wp\/v2\/posts\/112895\/revisions"}],"wp:featuredmedia":[{"embeddable":true,"href":"https:\/\/www.europesays.com\/fr\/wp-json\/wp\/v2\/media\/112896"}],"wp:attachment":[{"href":"https:\/\/www.europesays.com\/fr\/wp-json\/wp\/v2\/media?parent=112895"}],"wp:term":[{"taxonomy":"category","embeddable":true,"href":"https:\/\/www.europesays.com\/fr\/wp-json\/wp\/v2\/categories?post=112895"},{"taxonomy":"post_tag","embeddable":true,"href":"https:\/\/www.europesays.com\/fr\/wp-json\/wp\/v2\/tags?post=112895"}],"curies":[{"name":"wp","href":"https:\/\/api.w.org\/{rel}","templated":true}]}}