{"id":112903,"date":"2025-05-19T23:06:07","date_gmt":"2025-05-19T23:06:07","guid":{"rendered":"https:\/\/www.europesays.com\/fr\/112903\/"},"modified":"2025-05-19T23:06:07","modified_gmt":"2025-05-19T23:06:07","slug":"la-patronne-de-cbs-news-jette-leponge-face-aux-pressions-politiques-de-donald-trump","status":"publish","type":"post","link":"https:\/\/www.europesays.com\/fr\/112903\/","title":{"rendered":"La patronne de CBS News jette l\u2019\u00e9ponge face aux pressions politiques de Donald Trump"},"content":{"rendered":"<p>Nouvelle secousse \u00e0 la t\u00eate des m\u00e9dias am\u00e9ricains. Wendy McMahon, dirigeante et figure embl\u00e9matique de <a href=\"https:\/\/www.20minutes.fr\/dossier\/cbs\" target=\"_blank\" class=\"color-ultramarine c-link\" rel=\"noopener\">CBS News<\/a>, propri\u00e9t\u00e9 de Paramount, a quitt\u00e9 ses fonctions lundi, dans un contexte explosif de tensions croissantes entre la cha\u00eene d\u2019information et <a href=\"https:\/\/www.20minutes.fr\/dossier\/donald_trump\" target=\"_blank\" class=\"color-ultramarine c-link\" rel=\"noopener\">Donald Trump<\/a>.<\/p>\n<p>\u00ab\u00a0Les derniers mois ont \u00e9t\u00e9 compliqu\u00e9s. Il est devenu clair que la soci\u00e9t\u00e9 et moi ne sommes pas sur la m\u00eame longueur d\u2019onde quant \u00e0 la voie \u00e0 suivre\u00a0\u00bb, a \u00e9crit Wendy McMahon dans un message interne adress\u00e9 \u00e0 ses \u00e9quipes, consult\u00e9 par l\u2019AFP. Elle conclut\u00a0: \u00ab\u00a0Il est donc temps pour moi de passer \u00e0 autre chose.\u00a0\u00bb<\/p>\n<p>Des d\u00e9missions \u00e0 la cha\u00eene<\/p>\n<p>Sa <a href=\"https:\/\/www.20minutes.fr\/dossier\/demission\" target=\"_blank\" class=\"color-ultramarine c-link\" rel=\"noopener\">d\u00e9mission<\/a> intervient quelques semaines seulement apr\u00e8s celle de Bill Owens, le producteur historique de l\u2019\u00e9mission d\u2019investigation <a href=\"https:\/\/www.cbsnews.com\/60-minutes\/\" rel=\"nofollow noopener\" target=\"_blank\" class=\"color-ultramarine c-link\">\u00ab\u00a060 Minutes\u00a0\u00bb<\/a>, qui avait d\u00e9nonc\u00e9 des pressions portant atteinte \u00e0 l\u2019ind\u00e9pendance \u00e9ditoriale de la r\u00e9daction. Wendy McMahon avait publiquement salu\u00e9 l\u2019\u00ab\u00a0int\u00e9grit\u00e9 in\u00e9branlable\u00a0\u00bb de ce dernier et son \u00ab\u00a0engagement profond envers la v\u00e9rit\u00e9\u00a0\u00bb, prenant fait et cause pour lui au c\u0153ur de la temp\u00eate.<\/p>\n<\/p>\n<p>Selon CNBC, c\u2019est le directeur g\u00e9n\u00e9ral de Paramount, George Cheeks, qui aurait demand\u00e9 la d\u00e9mission de Wendy McMahon lors d\u2019un \u00e9change priv\u00e9 samedi. Celle-ci aurait accept\u00e9 dans la foul\u00e9e, et la direction du groupe a \u00e9t\u00e9 officiellement inform\u00e9e d\u00e8s le lendemain, co\u00efncidant avec la diffusion du dernier \u00e9pisode de la saison de \u00ab\u00a060 Minutes\u00a0\u00bb.<\/p>\n<p>Une plainte de 20\u00a0milliards de dollars contre CBS<\/p>\n<p>L\u2019<a href=\"https:\/\/www.20minutes.fr\/dossier\/emission\" target=\"_blank\" class=\"color-ultramarine c-link\" rel=\"noopener\">\u00e9mission<\/a>, qui attire chaque semaine pr\u00e8s de dix millions de t\u00e9l\u00e9spectateurs avec ses reportages incisifs sur les <a href=\"https:\/\/www.20minutes.fr\/monde\/etats-unis\/\" target=\"_blank\" class=\"color-ultramarine c-link\" rel=\"noopener\">Etats-Unis<\/a> et le monde, est au centre de l\u2019escalade judiciaire lanc\u00e9e par Donald Trump. Fin octobre, le pr\u00e9sident a attaqu\u00e9 en justice \u00ab\u00a060 Minutes\u00a0\u00bb en affirmant que l\u2019\u00e9mission avait manipul\u00e9 une interview de Kamala Harris. Des all\u00e9gations rejet\u00e9es par CBS News et qualifi\u00e9es d\u2019\u00ab\u00a0infond\u00e9es\u00a0\u00bb par plusieurs experts des m\u00e9dias.<\/p>\n<p class=\"mb-m@xs text-l@xs\">En cliquant sur\u00ab J\u2019accepte \u00bb, vous acceptez le d\u00e9p\u00f4t de cookies par des services externes et aurez ainsi acc\u00e8s aux contenus de nos partenaires.<\/p>\n<p class=\"mb-xl@xs text-s@xs\">Plus d\u2019informations sur la page<a href=\"https:\/\/www.20minutes.fr\/gestion-cookies\" class=\"mx-xxs@xs color-ultramarine\" target=\"_blank\" rel=\"noopener\">Politique de gestion des cookies<\/a><\/p>\n<p>J\u2019accepte<\/p>\n<p>Mais l\u2019enjeu d\u00e9passe le cadre journalistique. La cha\u00eene est \u00e9galement vis\u00e9e par une plainte colossale. Donald Trump r\u00e9clame quelque 20\u00a0milliards de dollars \u00e0 CBS News. Des sources m\u00e9diatiques \u00e9voquent la possibilit\u00e9 d\u2019une <a href=\"https:\/\/www.20minutes.fr\/dossier\/mediation\" target=\"_blank\" class=\"color-ultramarine c-link\" rel=\"noopener\">m\u00e9diation<\/a> entre le camp Trump et Paramount, alors que ce dernier cherche \u00e0 finaliser une fusion \u00e0 28\u00a0milliards de dollars avec Skydance, une soci\u00e9t\u00e9 de production. Or, cette op\u00e9ration attend l\u2019approbation de la <a href=\"https:\/\/www.fcc.gov\" rel=\"nofollow noopener\" target=\"_blank\" class=\"color-ultramarine c-link\">Commission f\u00e9d\u00e9rale des communications (FCC)<\/a>, dirig\u00e9e par un proche de Donald Trump, Brendan Carr.<\/p>\n<p>Pressions politiques sur les m\u00e9dias<\/p>\n<p>La commissaire d\u00e9mocrate de la FCC Anna Gomez s\u2019est dite \u00ab\u00a0plus qu\u2019alarm\u00e9e\u00a0\u00bb par le d\u00e9part de Wendy McMahon. Dans un message publi\u00e9 sur le r\u00e9seau social X, elle d\u00e9nonce une situation o\u00f9 \u00ab\u00a0les journalistes ind\u00e9pendants sont r\u00e9duits au silence simplement parce que leur travail menace les ambitions des propri\u00e9taires de leur m\u00e9dia\u00a0\u00bb.<\/p>\n<p><a href=\"https:\/\/www.20minutes.fr\/arts-stars\/medias\/\" target=\"_blank\" class=\"c-link c-btn c-btn--primary\" rel=\"noopener\">Notre dossier sur les m\u00e9dias<\/a><\/p>\n<p>En toile de fond, le pr\u00e9c\u00e9dent de la cha\u00eene concurrente <a href=\"https:\/\/www.20minutes.fr\/dossier\/abc\" target=\"_blank\" class=\"color-ultramarine c-link\" rel=\"noopener\">ABC News<\/a>, qui avait \u00e9vit\u00e9 un proc\u00e8s pour diffamation intent\u00e9 par Donald Trump en versant 15\u00a0millions de dollars \u00e0 une fondation li\u00e9e au pr\u00e9sident fin\u00a02024, alimente les soup\u00e7ons de pressions politiques croissantes sur les m\u00e9dias.<\/p>\n","protected":false},"excerpt":{"rendered":"Nouvelle secousse \u00e0 la t\u00eate des m\u00e9dias am\u00e9ricains. Wendy McMahon, dirigeante et figure embl\u00e9matique de CBS News, propri\u00e9t\u00e9&hellip;\n","protected":false},"author":2,"featured_media":112904,"comment_status":"","ping_status":"","sticky":false,"template":"","format":"standard","meta":{"footnotes":""},"categories":[1589],"tags":[47,11,7411,13189,75,4739,73,1866,458,74,12,252,1864,1865,1863,308],"class_list":{"0":"post-112903","1":"post","2":"type-post","3":"status-publish","4":"format-standard","5":"has-post-thumbnail","7":"category-etats-unis","8":"tag-actualite","9":"tag-actualites","10":"tag-cbs","11":"tag-demission","12":"tag-donald-trump","13":"tag-emission-de-television","14":"tag-etats-unis","15":"tag-etats-unis-damerique","16":"tag-kamala-harris","17":"tag-monde","18":"tag-news","19":"tag-television","20":"tag-united-states","21":"tag-united-states-of-america","22":"tag-us","23":"tag-usa"},"share_on_mastodon":{"url":"https:\/\/pubeurope.com\/@fr\/114537010604686636","error":""},"_links":{"self":[{"href":"https:\/\/www.europesays.com\/fr\/wp-json\/wp\/v2\/posts\/112903","targetHints":{"allow":["GET"]}}],"collection":[{"href":"https:\/\/www.europesays.com\/fr\/wp-json\/wp\/v2\/posts"}],"about":[{"href":"https:\/\/www.europesays.com\/fr\/wp-json\/wp\/v2\/types\/post"}],"author":[{"embeddable":true,"href":"https:\/\/www.europesays.com\/fr\/wp-json\/wp\/v2\/users\/2"}],"replies":[{"embeddable":true,"href":"https:\/\/www.europesays.com\/fr\/wp-json\/wp\/v2\/comments?post=112903"}],"version-history":[{"count":0,"href":"https:\/\/www.europesays.com\/fr\/wp-json\/wp\/v2\/posts\/112903\/revisions"}],"wp:featuredmedia":[{"embeddable":true,"href":"https:\/\/www.europesays.com\/fr\/wp-json\/wp\/v2\/media\/112904"}],"wp:attachment":[{"href":"https:\/\/www.europesays.com\/fr\/wp-json\/wp\/v2\/media?parent=112903"}],"wp:term":[{"taxonomy":"category","embeddable":true,"href":"https:\/\/www.europesays.com\/fr\/wp-json\/wp\/v2\/categories?post=112903"},{"taxonomy":"post_tag","embeddable":true,"href":"https:\/\/www.europesays.com\/fr\/wp-json\/wp\/v2\/tags?post=112903"}],"curies":[{"name":"wp","href":"https:\/\/api.w.org\/{rel}","templated":true}]}}