{"id":1129084,"date":"2026-08-15T20:10:43","date_gmt":"2026-08-15T20:10:43","guid":{"rendered":"https:\/\/www.europesays.com\/fr\/1129084\/"},"modified":"2026-08-15T20:10:43","modified_gmt":"2026-08-15T20:10:43","slug":"meteo-quel-temps-fera-t-il-a-vandoeuvre-les-nancy-et-ses-environs-le-samedi-15-aout-2026","status":"publish","type":"post","link":"https:\/\/www.europesays.com\/fr\/1129084\/","title":{"rendered":"M\u00e9t\u00e9o. Quel temps fera-t-il \u00e0 Vand\u0153uvre-l\u00e8s-Nancy et ses environs le samedi 15 ao\u00fbt 2026 ?"},"content":{"rendered":"<p data-ofstats-scroll=\"read_depth_20\">La matin\u00e9e d\u00e9butera sous un ciel couvert et une temp\u00e9rature d\u00e9j\u00e0 \u00e9lev\u00e9e de 26 \u00b0C. Le vent, d\u2019abord nul, commencera \u00e0 se lever vers le d\u00e9but de matin\u00e9e, soufflant \u00e0 5 km\/h avec des rafales pouvant atteindre 15 km\/h, en passant du Sud-Ouest au Nord-Ouest puis au Sud-Sud-Ouest. Progressivement, le ciel se d\u00e9gagera pour devenir peu nuageux, tandis que la temp\u00e9rature grimpera jusqu\u2019\u00e0 33 \u00b0C. L\u2019humidit\u00e9 reculera et l\u2019atmosph\u00e8re deviendra nettement plus s\u00e8che, pr\u00e9parant une apr\u00e8s-midi tr\u00e8s chaude.<\/p>\n<p data-ofstats-scroll=\"read_depth_30\">L\u2019apr\u00e8s-midi sera marqu\u00e9e par une forte hausse des temp\u00e9ratures, passant de 34 \u00e0 36 \u00b0C puis se stabilisant jusqu\u2019en fin de journ\u00e9e. Dans ce contexte plus chaud, le vent, d\u2019abord mod\u00e9r\u00e9 \u00e0 10 km\/h avec des rafales atteignant 20 \u00e0 30 km\/h, se renforcera ensuite jusqu\u2019\u00e0 15 km\/h avec des rafales pouvant monter \u00e0 35 km\/h, toujours orient\u00e9 au Nord-Ouest ou Nord-Nord-Ouest. Le ciel \u00e9voluera progressivement d\u2019un aspect tr\u00e8s d\u00e9gag\u00e9 vers un voile nuageux dense puis une couverture enti\u00e8rement uniforme, tandis que l\u2019humidit\u00e9 restera basse.<\/p>\n<p data-ofstats-scroll=\"read_depth_50\">En soir\u00e9e, la chaleur restera marqu\u00e9e, les temp\u00e9ratures ne commen\u00e7ant \u00e0 diminuer qu\u2019apr\u00e8s 20 h, passant progressivement de 36 \u00b0C \u00e0 32 \u00b0C en fin de p\u00e9riode. Dans la continuit\u00e9 de l\u2019apr\u00e8s-midi, le ciel restera constamment couvert ou voil\u00e9, sans \u00e9claircie notable. Le vent soufflera principalement du Nord-Ouest, puis du Nord-Nord-Ouest, avec des vitesses variant de 10 \u00e0 15 km\/h et des rafales oscillant entre 20 et 40 km\/h. L\u2019humidit\u00e9 augmentera de mani\u00e8re progressive tout au long de la soir\u00e9e, annon\u00e7ant une nuit lourde.<\/p>\n<p data-ofstats-scroll=\"read_depth_70\">Dans la nuit du samedi 15 au dimanche 16 ao\u00fbt 2026, les temp\u00e9ratures resteront \u00e9lev\u00e9es, autour de 30 \u00b0C en d\u00e9but de nuit puis glissant progressivement vers 27 \u00b0C au petit matin. Dans le prolongement de la soir\u00e9e, le vent sera g\u00e9n\u00e9ralement faible, proche de 10 km\/h, avec des rafales pouvant atteindre 25 km\/h, puis se renforcera vers 20 km\/h avec des pointes \u00e0 45 km\/h. Son orientation oscillera entre Nord-Nord-Ouest, Sud-Ouest puis Ouest-Nord-Ouest. Le ciel restera largement couvert, l\u2019humidit\u00e9 augmentant progressivement.<\/p>\n<p data-ofstats-scroll=\"read_depth_90\">Demain, les temp\u00e9ratures \u00e9volueront sensiblement, passant d\u2019un d\u00e9but de matin\u00e9e autour de 25 \u00e0 26 \u00b0C pour atteindre 35 \u00b0C en fin d\u2019apr\u00e8s-midi. Apr\u00e8s cette nuit chaude et humide, le ciel restera couvert en matin\u00e9e, puis deviendra peu nuageux vers la fin de matin\u00e9e avant de se charger nettement \u00e0 partir du d\u00e9but d\u2019apr\u00e8s-midi. Le vent, d\u2019abord orient\u00e9 Nord-Ouest \u00e0 15 \u00e0 20 km\/h avec des rafales jusqu\u2019\u00e0 45 km\/h, faiblira vers la mi-journ\u00e9e, puis basculera au Sud-Ouest et \u00e0 l\u2019Ouest en se renfor\u00e7ant de nouveau, avec des pointes \u00e0 35 km\/h en rafales. L\u2019humidit\u00e9, mod\u00e9r\u00e9e en matin\u00e9e, reculera l\u00e9g\u00e8rement avant de remonter en fin de journ\u00e9e.<\/p>\n<p data-ofstats-scroll=\"read_depth_90\"><a href=\"https:\/\/www.ouest-france.fr\/meteo\/grand-est\/vandoeuvre-les-nancy-54500\/\" rel=\"nofollow noopener\" target=\"_blank\">Suivez la m\u00e9t\u00e9o de votre commune en temps r\u00e9el<\/a><\/p>\n<p data-ofstats-scroll=\"read_depth_100\">Ouest-France vous donne \u00e9galement la possibilit\u00e9 de conna\u00eetre la m\u00e9t\u00e9o de votre commune, heure par heure, sur notre page m\u00e9t\u00e9o d\u00e9di\u00e9e<\/p>\n","protected":false},"excerpt":{"rendered":"La matin\u00e9e d\u00e9butera sous un ciel couvert et une temp\u00e9rature d\u00e9j\u00e0 \u00e9lev\u00e9e de 26 \u00b0C. Le vent, d\u2019abord&hellip;\n","protected":false},"author":2,"featured_media":1129085,"comment_status":"","ping_status":"","sticky":false,"template":"","format":"standard","meta":{"footnotes":"","_share_on_mastodon":"0"},"categories":[9635],"tags":[1111,11,11734,1777,674,1011,27,775,1702,9847,12,25,24495,5711],"class_list":["post-1129084","post","type-post","status-publish","format-standard","has-post-thumbnail","category-nancy","tag-actu","tag-actualites","tag-bois-de-haye","tag-eu","tag-europe","tag-fr","tag-france","tag-grand-est","tag-nancy","tag-neuves-maisons","tag-news","tag-republique-francaise","tag-richardmenil","tag-vandoeuvre-les-nancy"],"share_on_mastodon":{"url":"https:\/\/pubeurope.com\/@fr\/117101345228610041","error":""},"_links":{"self":[{"href":"https:\/\/www.europesays.com\/fr\/wp-json\/wp\/v2\/posts\/1129084","targetHints":{"allow":["GET"]}}],"collection":[{"href":"https:\/\/www.europesays.com\/fr\/wp-json\/wp\/v2\/posts"}],"about":[{"href":"https:\/\/www.europesays.com\/fr\/wp-json\/wp\/v2\/types\/post"}],"author":[{"embeddable":true,"href":"https:\/\/www.europesays.com\/fr\/wp-json\/wp\/v2\/users\/2"}],"replies":[{"embeddable":true,"href":"https:\/\/www.europesays.com\/fr\/wp-json\/wp\/v2\/comments?post=1129084"}],"version-history":[{"count":0,"href":"https:\/\/www.europesays.com\/fr\/wp-json\/wp\/v2\/posts\/1129084\/revisions"}],"wp:featuredmedia":[{"embeddable":true,"href":"https:\/\/www.europesays.com\/fr\/wp-json\/wp\/v2\/media\/1129085"}],"wp:attachment":[{"href":"https:\/\/www.europesays.com\/fr\/wp-json\/wp\/v2\/media?parent=1129084"}],"wp:term":[{"taxonomy":"category","embeddable":true,"href":"https:\/\/www.europesays.com\/fr\/wp-json\/wp\/v2\/categories?post=1129084"},{"taxonomy":"post_tag","embeddable":true,"href":"https:\/\/www.europesays.com\/fr\/wp-json\/wp\/v2\/tags?post=1129084"}],"curies":[{"name":"wp","href":"https:\/\/api.w.org\/{rel}","templated":true}]}}