{"id":1129096,"date":"2026-08-15T20:18:29","date_gmt":"2026-08-15T20:18:29","guid":{"rendered":"https:\/\/www.europesays.com\/fr\/1129096\/"},"modified":"2026-08-15T20:18:29","modified_gmt":"2026-08-15T20:18:29","slug":"fontaine-a-lasf-aviron-la-rame-se-conjugue-avec-sante-inclusion-et-performance","status":"publish","type":"post","link":"https:\/\/www.europesays.com\/fr\/1129096\/","title":{"rendered":"Fontaine. \u00c0 l\u2019ASF Aviron, la rame se conjugue avec sant\u00e9, inclusion et performance"},"content":{"rendered":"<p>Install\u00e9e \u00e0 la pointe de la presqu\u2019\u00eele grenobloise, \u00e0 la confluence du Drac et de l\u2019Is\u00e8re, l\u2019Association sportive de Fontaine (ASF) Aviron d\u00e9montre depuis 1990 que l\u2019aviron ne se r\u00e9sume pas \u00e0 la comp\u00e9tition. Avec 80 adh\u00e9rents, le club fait de la convivialit\u00e9, du sport-sant\u00e9 et de l\u2019inclusion les piliers de son projet, tout en obtenant r\u00e9guli\u00e8rement des r\u00e9sultats au plus haut niveau.<\/p>\n<p>Bien que portant le nom de Fontaine, c\u2019est au 172, avenue des Martyrs \u00e0 Grenoble que se trouve sa&#8230;<\/p>\n","protected":false},"excerpt":{"rendered":"Install\u00e9e \u00e0 la pointe de la presqu\u2019\u00eele grenobloise, \u00e0 la confluence du Drac et de l\u2019Is\u00e8re, l\u2019Association sportive&hellip;\n","protected":false},"author":2,"featured_media":1129097,"comment_status":"","ping_status":"","sticky":false,"template":"","format":"standard","meta":{"footnotes":"","_share_on_mastodon":"0"},"categories":[9566],"tags":[1111,11,2430,3810,112,1777,674,1701,9592,11680,1011,27,2731,12,25,15103],"class_list":["post-1129096","post","type-post","status-publish","format-standard","has-post-thumbnail","category-grenoble","tag-actu","tag-actualites","tag-auvergne-rhone-alpes","tag-aviron","tag-edition-grenoble-agglomeration","tag-eu","tag-europe","tag-fil-info-sport","tag-fontaine","tag-fontaine-bassin","tag-fr","tag-france","tag-grenoble","tag-news","tag-republique-francaise","tag-sports-nautiques"],"share_on_mastodon":{"url":"https:\/\/pubeurope.com\/@fr\/117101376724915267","error":""},"_links":{"self":[{"href":"https:\/\/www.europesays.com\/fr\/wp-json\/wp\/v2\/posts\/1129096","targetHints":{"allow":["GET"]}}],"collection":[{"href":"https:\/\/www.europesays.com\/fr\/wp-json\/wp\/v2\/posts"}],"about":[{"href":"https:\/\/www.europesays.com\/fr\/wp-json\/wp\/v2\/types\/post"}],"author":[{"embeddable":true,"href":"https:\/\/www.europesays.com\/fr\/wp-json\/wp\/v2\/users\/2"}],"replies":[{"embeddable":true,"href":"https:\/\/www.europesays.com\/fr\/wp-json\/wp\/v2\/comments?post=1129096"}],"version-history":[{"count":0,"href":"https:\/\/www.europesays.com\/fr\/wp-json\/wp\/v2\/posts\/1129096\/revisions"}],"wp:featuredmedia":[{"embeddable":true,"href":"https:\/\/www.europesays.com\/fr\/wp-json\/wp\/v2\/media\/1129097"}],"wp:attachment":[{"href":"https:\/\/www.europesays.com\/fr\/wp-json\/wp\/v2\/media?parent=1129096"}],"wp:term":[{"taxonomy":"category","embeddable":true,"href":"https:\/\/www.europesays.com\/fr\/wp-json\/wp\/v2\/categories?post=1129096"},{"taxonomy":"post_tag","embeddable":true,"href":"https:\/\/www.europesays.com\/fr\/wp-json\/wp\/v2\/tags?post=1129096"}],"curies":[{"name":"wp","href":"https:\/\/api.w.org\/{rel}","templated":true}]}}