{"id":1129154,"date":"2026-08-15T20:56:20","date_gmt":"2026-08-15T20:56:20","guid":{"rendered":"https:\/\/www.europesays.com\/fr\/1129154\/"},"modified":"2026-08-15T20:56:20","modified_gmt":"2026-08-15T20:56:20","slug":"championnats-deurope-de-natation-une-soiree-en-or-pour-leon-marchand-et-marie-ambre-moluh","status":"publish","type":"post","link":"https:\/\/www.europesays.com\/fr\/1129154\/","title":{"rendered":"Championnats d&rsquo;Europe de natation : une soir\u00e9e en or pour L\u00e9on Marchand et Marie-Ambre Moluh"},"content":{"rendered":"<p>L\u00e9on Marchand a d\u00e9croch\u00e9 avec autorit\u00e9 son premier titre europ\u00e9en, sur 200\u202fm\u00e8tres papillon. Avant d\u2019\u00eatre imit\u00e9e par Marie-Ambre Moluh sur 100\u202fm\u00e8tres dos.<\/p>\n<p>Il s\u2019est pass\u00e9 plein de choses, mais on a tout de m\u00eame envie de commencer par celui qui en a fini. Florent Manaudou a re\u00e7u le vibrant hommage que m\u00e9ritait sa carri\u00e8re de sprinter &#8211; six m\u00e9dailles olympiques, dont une en or, quatre titres mondiaux \u2013 apr\u00e8s avoir annonc\u00e9 jeudi qu\u2019il se mettait pour de bon au sec.<\/p>\n<p>Du beau monde autour du bassin, de l\u2019eau dans les yeux aussi, et une <a href=\"https:\/\/www.latribune.fr\/article\/la-tribune-dimanche\/culture-lifestyle\/gastronomie-sorties\/31911155578128\/en-islande-avec-bjoerk-sur-la-cote-basque-ou-au-large-de-majorque-leclipse-du-12-aout-invite-au-voyage\" target=\"_self\" article-id=\"31911155578128\" rel=\"nofollow noopener\">\u00e9clipse<\/a> en forme de cadeau bonus pour tous ceux qui avaient pris un billet pour la session d\u2019hier, d\u00e9j\u00e0 tout heureux qu\u2019ils \u00e9taient d\u2019apercevoir l\u2019autre astre de la natation fran\u00e7aise. Car c\u2019est d\u2019abord pour L\u00e9on Marchand qu\u2019on s\u2019\u00e9tait press\u00e9 au centre aquatique olympique de Saint-Denis.<\/p>\n<p><a target=\"_self\" href=\"https:\/\/www.latribune.fr\/article\/la-tribune-dimanche\/sports\/2071264545550814\/j-ai-repris-la-brasse-un-poil-trop-vite-blesse-leon-marchand-contraint-de-voir-moins-grand-au-championnats-deurope\" rel=\"nofollow noopener\"><\/p>\n<p class=\"text-[12px] mb-[12px] font-bold ltd:leading-[16px]\">A LIRE AUSSI<\/p>\n<p class=\"text-[20px] ac:text-[18px] leading-[120%] ac:leading-[130%] text-lt-primary-dark ac:text-ac-primary font-slab font-bold ltd:font-semibold ltd:tracking-[-0.4px] ac:font-ac-slab ltd:font-ltd-slab\">\u00ab J\u2019ai repris la brasse un poil trop vite \u00bb : bless\u00e9, L\u00e9on Marchand contraint de voir moins grand aux championnats d&rsquo;Europe<\/p>\n<p><\/a><\/p>\n<p>Rendez-vous d\u2019autant plus privil\u00e9gi\u00e9 que le roi des <a href=\"https:\/\/www.latribune.fr\/article\/economie\/5623937322388114\/jo-2024-la-facture-grimpe-mais-dautres-retombees-se-profilent\" target=\"_self\" article-id=\"5623937322388114\" rel=\"nofollow noopener\">JO 2024<\/a> avait \u00e9t\u00e9 contraint, pour son grand retour \u00e0 Paris, d\u2019aller \u00e0 l\u2019essentiel c\u00f4t\u00e9 programme. Exit le 200 m\u00e8tres brasse, et les deux \u00e9preuves de quatre nages, soit trois de ses quatre sp\u00e9cialit\u00e9s. Les soucis \u00e0 l\u2019adducteur, qui ont troubl\u00e9 les eaux de son \u00e9t\u00e9, paraissent d\u00e9sormais bien loin.<\/p>\n<p>\u00ab\u00a0Je suis hyper fier\u00a0\u00bb&#13;\n<\/p>\n<p>Pour sa premi\u00e8re finale individuelle de la semaine, non seulement Marchand n\u2019a pas d\u00e9\u00e7u \u2013 l\u2019a-t-il d\u00e9j\u00e0 fait dans un bassin\u00a0? \u2013 mais il a frapp\u00e9 fort. En s\u2019imposant en 1\u201951\u2019\u201972, avec plus de deux secondes d\u2019avance sur le Hongrois Richard Marton, il signe la meilleure <a href=\"https:\/\/www.latribune.fr\/article\/la-tribune-dimanche\/sports\/5211189455204714\/leon-marchand-pauline-ferrand-prevot-ousmane-dembele-notre-palmares-des-sportifs-de-lannee-2025\" target=\"_self\" article-id=\"5211189455204714\" rel=\"nofollow noopener\">performance<\/a> mondiale de l\u2019ann\u00e9e. \u00ab\u00a0Je finis tr\u00e8s bien, le dernier 50 est le meilleur que j\u2019ai fait depuis longtemps, l\u00e2chait-il \u00e0 chaud. Mais \u00e7a veut aussi dire que j\u2019aurais peut-\u00eatre pu partir plus vite.\u00a0\u00bb<\/p>\n<p>Et l\u00e0 alors, le record du monde que d\u2019aucuns lui pr\u00e9disaient aurait pu vaciller. Mais la marque de Kristof Milak (1\u2019\u00a050\u201d 34), qui s\u2019est concentr\u00e9 \u00e0 Paris sur le sprint, tient toujours. \u00ab\u00a0Le record du monde n\u2019\u00e9tait pas ici, j\u2019ai fait le maximum, glissait l\u2019\u00e9l\u00e8ve de Bob Bowman, sans une once de regret dans la voix, les tracas de l\u2019\u00e9t\u00e9 interdisant de faire la fine bouche, bien au contraire. Je suis hyper fier, surtout de faire \u00e7a \u00e0 Paris, et content de m\u2019\u00eatre accroch\u00e9 ces derni\u00e8res semaines.\u00a0\u00bb En zone mixte, il saluait aussi Manaudou, qui s\u2019y \u00e9tait invit\u00e9\u00a0: \u00ab\u00a0L\u2019\u00e9nergie est venue de ce que Flo nous a fait avant la course. C\u2019\u00e9tait beau, j\u2019ai eu des frissons.\u00a0\u00bb<\/p>\n<p>NewsletterLa Tribune Dimanche<\/p>\n<p class=\"text-2xl mb-[16px]\">Chaque dimanche, l\u2019essentiel de l\u2019actualit\u00e9 \u00e9conomique, politique et soci\u00e9tale.<\/p>\n<p>S&rsquo;inscrireS&rsquo;inscrireS&rsquo;inscrire<img alt=\"Illustration de la newsletter La Tribune Dimanche\" loading=\"lazy\" decoding=\"async\" data-nimg=\"fill\" class=\"relative! rounded-xl\" style=\"position:absolute;height:100%;width:100%;left:0;top:0;right:0;bottom:0;object-fit:cover;color:transparent\"   src=\"https:\/\/www.europesays.com\/fr\/wp-content\/uploads\/2026\/04\/la-tribune-dimanche.png\"\/><a target=\"_self\" href=\"https:\/\/www.latribune.fr\/article\/la-tribune-dimanche\/sports\/71746488168587\/le-sprint-c-est-un-monde-un-peu-a-part-il-y-a-un-cote-fauve-qui-sort-de-la-cage-maxime-grousset-et-beryl-gastaldello-tauliers-de-l-equipe-de-france-de-natation\" rel=\"nofollow noopener\"><\/p>\n<p class=\"text-[12px] mb-[12px] font-bold ltd:leading-[16px]\">A LIRE AUSSI<\/p>\n<p class=\"text-[20px] ac:text-[18px] leading-[120%] ac:leading-[130%] text-lt-primary-dark ac:text-ac-primary font-slab font-bold ltd:font-semibold ltd:tracking-[-0.4px] ac:font-ac-slab ltd:font-ltd-slab\">\u00ab\u00a0Le sprint, c\u2019est un monde un peu \u00e0 part, il y a un c\u00f4t\u00e9 fauve qui sort de la cage\u00a0\u00bb\u00a0: Maxime Grousset et B\u00e9ryl Gastaldello, tauliers de l\u2019\u00e9quipe de France de natation<\/p>\n<p><\/a><\/p>\n<p>Lui qui a d\u00e9j\u00e0, \u00e0 24 ans, une collection riche de sept titres mondiaux et quatre olympiques, venait l\u00e0 de d\u00e9crocher son premier or europ\u00e9en en solo. Aucun syndrome derri\u00e8re cette curiosit\u00e9, juste une histoire de timing d\u2019\u00e9closion, coupl\u00e9e \u00e0 l\u2019impasse fran\u00e7aise lors de la derni\u00e8re \u00e9dition \u00e0 Belgrade, concomitante avec les s\u00e9lections pour les Jeux.<\/p>\n<p>Record d\u2019Europe en bonus\u00a0?&#13;\n<\/p>\n<p>\u00c0 l\u2019aube de la derni\u00e8re journ\u00e9e, le capital peut encore gonfler. Et autant l\u2019affaire du papillon semblait imperm\u00e9able aux doutes, autant celle du 400 m\u00e8tres nage libre (s\u00e9ries \u00e0 9\u00a0h\u00a030, finale vers 20\u00a0heures) rec\u00e8le quelques inconnues. Car les r\u00e9f\u00e9rences sont rares, \u00ab\u00a0m\u00eame en comp\u00e9tition r\u00e9gionale ou d\u00e9partementale\u00a0\u00bb, rappelait-il hier.<\/p>\n<p>De fait, jamais Marchand ne s\u2019est pr\u00e9sent\u00e9 sur la distance en grand championnat. Il est arriv\u00e9 avec la 11e marque au bilan mondial, la 5e au niveau europ\u00e9en (3\u2019\u00a044\u201d 70), mais elle a \u00e9t\u00e9 r\u00e9alis\u00e9e mi-avril, donc pas vraiment dans un moment de pic de forme. Personne ne serait donc surpris que le record de France de Yannick Agnel (3\u2019\u00a043\u201d 85), qui date de 2011, soit battu.<\/p>\n<p>Moluh, la nouvelle star&#13;\n<\/p>\n<p>En attendant, on a vu un record d\u2019Europe d\u00e9croch\u00e9 par une Fran\u00e7aise, dont on commence seulement \u00e0 parler, autrement dit une autre m\u00e9daille d\u2019or. Pour la natation fran\u00e7aise, Marie-Ambre Moluh a quelque chose d\u2019une petite s\u0153ur de L\u00e9on Marchand. Favorite du 100 m\u00e8tres dos, elle a assum\u00e9 le statut et donc ajout\u00e9 la mani\u00e8re (57\u201994). \u00c0 20 ans, la chose n\u2019est pas anodine.<\/p>\n<p><a target=\"_self\" href=\"https:\/\/www.latribune.fr\/article\/la-tribune-dimanche\/sports\/55312678089891\/j-avais-des-idees-noires-qui-m-empechaient-de-sauter-vite-dans-la-tete-des-plongeurs-de-l-extreme\" rel=\"nofollow noopener\"><\/p>\n<p class=\"text-[12px] mb-[12px] font-bold ltd:leading-[16px]\">A LIRE AUSSI<\/p>\n<p class=\"text-[20px] ac:text-[18px] leading-[120%] ac:leading-[130%] text-lt-primary-dark ac:text-ac-primary font-slab font-bold ltd:font-semibold ltd:tracking-[-0.4px] ac:font-ac-slab ltd:font-ltd-slab\">\u00ab\u00a0J\u2019avais des id\u00e9es noires qui m\u2019emp\u00eachaient de sauter vite\u00a0\u00bb\u00a0: dans la t\u00eate des plongeurs de l\u2019extr\u00eame<\/p>\n<p><\/a><\/p>\n<p>\u00ab\u00a0C\u2019est vrai que je n\u2019ai jamais vraiment eu cette position, je n\u2019ai jamais \u00e9t\u00e9 attendue et je pense que \u00e7a m\u2019a stress\u00e9e, entonnait la nageuse, qui s\u2019entra\u00eene depuis deux ans au sein de la prestigieuse universit\u00e9 de <a href=\"https:\/\/latribune.fr\/idees\/2016-07-07\/ken-singer-berkeley-nous-devons-apprendre-aux-etudiants-a-echouer.html\" target=\"_self\" article-id=\"38252202748875\" rel=\"nofollow noopener\">Berkeley<\/a>, en Californie. Apr\u00e8s, je me disais juste \u2018\u2018Imagine quand tu seras en finale olympique, ce sera dix fois pire, donc arr\u00eate un peu\u2019\u2019. \u00bb<\/p>\n<p>On parlait de faire un doubl\u00e9, de marquer les esprits.<\/p>\n<p>On peut effectivement consid\u00e9rer la chose comme un joli \u00e9chauffement avant les Jeux de Los Angeles, d\u2019autant qu\u2019elle conna\u00eet d\u00e9j\u00e0 le coin. Hier, la joie de la Francilienne, d\u00e9j\u00e0 en argent sur 50 m\u00e8tres et en or sur le relais mixte 4&#215;100 4 nages, trouvait aussi un prolongement avec le bronze de Pauline Mahieu. \u00ab\u00a0On parlait de faire un doubl\u00e9, de marquer les esprits.\u00a0\u00bb C\u2019est chose faite. Et voil\u00e0 la France, \u00e0 l\u2019aube du dernier jour, qui remonte d\u2019un coup \u00e0 la 4e place au classement des m\u00e9dailles (9, dont 3 en or).<\/p>\n","protected":false},"excerpt":{"rendered":"L\u00e9on Marchand a d\u00e9croch\u00e9 avec autorit\u00e9 son premier titre europ\u00e9en, sur 200\u202fm\u00e8tres papillon. Avant d\u2019\u00eatre imit\u00e9e par Marie-Ambre&hellip;\n","protected":false},"author":2,"featured_media":1129155,"comment_status":"","ping_status":"","sticky":false,"template":"","format":"standard","meta":{"footnotes":"","_share_on_mastodon":"0"},"categories":[1586],"tags":[5734,11,115857,1777,674,1011,27,3102,12,25],"class_list":["post-1129154","post","type-post","status-publish","format-standard","has-post-thumbnail","category-europe","tag-5734","tag-actualites","tag-championnats-deurope-de-natation-une-soiree-en-or-pour-leon-marchand-et-marie","tag-eu","tag-europe","tag-fr","tag-france","tag-la-tribune-dimanche","tag-news","tag-republique-francaise"],"share_on_mastodon":{"url":"https:\/\/pubeurope.com\/@fr\/117101527827089555","error":""},"_links":{"self":[{"href":"https:\/\/www.europesays.com\/fr\/wp-json\/wp\/v2\/posts\/1129154","targetHints":{"allow":["GET"]}}],"collection":[{"href":"https:\/\/www.europesays.com\/fr\/wp-json\/wp\/v2\/posts"}],"about":[{"href":"https:\/\/www.europesays.com\/fr\/wp-json\/wp\/v2\/types\/post"}],"author":[{"embeddable":true,"href":"https:\/\/www.europesays.com\/fr\/wp-json\/wp\/v2\/users\/2"}],"replies":[{"embeddable":true,"href":"https:\/\/www.europesays.com\/fr\/wp-json\/wp\/v2\/comments?post=1129154"}],"version-history":[{"count":0,"href":"https:\/\/www.europesays.com\/fr\/wp-json\/wp\/v2\/posts\/1129154\/revisions"}],"wp:featuredmedia":[{"embeddable":true,"href":"https:\/\/www.europesays.com\/fr\/wp-json\/wp\/v2\/media\/1129155"}],"wp:attachment":[{"href":"https:\/\/www.europesays.com\/fr\/wp-json\/wp\/v2\/media?parent=1129154"}],"wp:term":[{"taxonomy":"category","embeddable":true,"href":"https:\/\/www.europesays.com\/fr\/wp-json\/wp\/v2\/categories?post=1129154"},{"taxonomy":"post_tag","embeddable":true,"href":"https:\/\/www.europesays.com\/fr\/wp-json\/wp\/v2\/tags?post=1129154"}],"curies":[{"name":"wp","href":"https:\/\/api.w.org\/{rel}","templated":true}]}}