{"id":112917,"date":"2025-05-19T23:13:14","date_gmt":"2025-05-19T23:13:14","guid":{"rendered":"https:\/\/www.europesays.com\/fr\/112917\/"},"modified":"2025-05-19T23:13:14","modified_gmt":"2025-05-19T23:13:14","slug":"le-college-sans-telephone-reportage-france","status":"publish","type":"post","link":"https:\/\/www.europesays.com\/fr\/112917\/","title":{"rendered":"Le coll\u00e8ge sans t\u00e9l\u00e9phone &#8211; Reportage France"},"content":{"rendered":"<p class=\"t-content__chapo\">\n                                                En France, les t\u00e9l\u00e9phones interdits dans les coll\u00e8ges\u00a0? La ministre de l&rsquo;\u00c9ducation, \u00c9lisabeth Borne, annonce la g\u00e9n\u00e9ralisation de la \u00ab\u00a0pause num\u00e9rique\u00a0\u00bb \u00e0 la rentr\u00e9e prochaine. Le principe est simple\u00a0: les coll\u00e9giens n&rsquo;auront plus du tout acc\u00e8s \u00e0 leur t\u00e9l\u00e9phone d\u00e8s qu&rsquo;ils rentrent en cours. Cette ann\u00e9e, pr\u00e8s de 200\u00a0\u00e9tablissements ont exp\u00e9riment\u00e9 ce dispositif. Un an apr\u00e8s, quels sont leurs retours\u00a0? Elisa Savaete s&rsquo;est rendue dans l&rsquo;Aube, \u00e0 l&rsquo;est de la r\u00e9gion parisienne, au coll\u00e8ge Jean Jaur\u00e8s de Nogent-sur-Seine, poser la question \u00e0 ceux qui testent d\u00e9j\u00e0 la pause num\u00e9rique.\u00a0Un reportage d&rsquo;Elisa Savaete.                    <\/p>\n<p>        <img decoding=\"async\" fetchpriority=\"low\" src=\"https:\/\/www.europesays.com\/fr\/wp-content\/uploads\/2025\/05\/AP18234494655988.jpg\" alt=\"Pour plus de concentration pendant les cours, 200 coll\u00e8ges en France ont d\u00e9j\u00e0 exp\u00e9riment\u00e9 la pause num\u00e9rique. (Photo d'illustration)\"   width=\"980\" height=\"551\" loading=\"eager\" class=\"m-figure__img lazy\"\/><\/p>\n<p>                Pour plus de concentration pendant les cours, 200 coll\u00e8ges en France ont d\u00e9j\u00e0 exp\u00e9riment\u00e9 la pause num\u00e9rique. (Photo d&rsquo;illustration)                AP &#8211; Kiichiro Sato            <\/p>\n<p class=\"a-read-more\">\u00c0 lire aussi<a href=\"https:\/\/www.rfi.fr\/fr\/france\/20240829-la-france-veut-une-interdiction-totale-les-t\u00e9l\u00e9phones-portables-au-coll\u00e8ge\" target=\"_self\" class=\"a-read-more__link\" rel=\"noopener\">La France veut une interdiction totale des t\u00e9l\u00e9phones portables au coll\u00e8ge<\/a><\/p>\n","protected":false},"excerpt":{"rendered":"En France, les t\u00e9l\u00e9phones interdits dans les coll\u00e8ges\u00a0? La ministre de l&rsquo;\u00c9ducation, \u00c9lisabeth Borne, annonce la g\u00e9n\u00e9ralisation de&hellip;\n","protected":false},"author":2,"featured_media":112918,"comment_status":"","ping_status":"","sticky":false,"template":"","format":"standard","meta":{"footnotes":""},"categories":[4],"tags":[11,1057,1011,27,12,5920,25],"class_list":{"0":"post-112917","1":"post","2":"type-post","3":"status-publish","4":"format-standard","5":"has-post-thumbnail","7":"category-france","8":"tag-actualites","9":"tag-education","10":"tag-fr","11":"tag-france","12":"tag-news","13":"tag-reportage-france","14":"tag-republique-francaise"},"share_on_mastodon":{"url":"https:\/\/pubeurope.com\/@fr\/114537038027486246","error":""},"_links":{"self":[{"href":"https:\/\/www.europesays.com\/fr\/wp-json\/wp\/v2\/posts\/112917","targetHints":{"allow":["GET"]}}],"collection":[{"href":"https:\/\/www.europesays.com\/fr\/wp-json\/wp\/v2\/posts"}],"about":[{"href":"https:\/\/www.europesays.com\/fr\/wp-json\/wp\/v2\/types\/post"}],"author":[{"embeddable":true,"href":"https:\/\/www.europesays.com\/fr\/wp-json\/wp\/v2\/users\/2"}],"replies":[{"embeddable":true,"href":"https:\/\/www.europesays.com\/fr\/wp-json\/wp\/v2\/comments?post=112917"}],"version-history":[{"count":0,"href":"https:\/\/www.europesays.com\/fr\/wp-json\/wp\/v2\/posts\/112917\/revisions"}],"wp:featuredmedia":[{"embeddable":true,"href":"https:\/\/www.europesays.com\/fr\/wp-json\/wp\/v2\/media\/112918"}],"wp:attachment":[{"href":"https:\/\/www.europesays.com\/fr\/wp-json\/wp\/v2\/media?parent=112917"}],"wp:term":[{"taxonomy":"category","embeddable":true,"href":"https:\/\/www.europesays.com\/fr\/wp-json\/wp\/v2\/categories?post=112917"},{"taxonomy":"post_tag","embeddable":true,"href":"https:\/\/www.europesays.com\/fr\/wp-json\/wp\/v2\/tags?post=112917"}],"curies":[{"name":"wp","href":"https:\/\/api.w.org\/{rel}","templated":true}]}}