{"id":112919,"date":"2025-05-19T23:16:15","date_gmt":"2025-05-19T23:16:15","guid":{"rendered":"https:\/\/www.europesays.com\/fr\/112919\/"},"modified":"2025-05-19T23:16:15","modified_gmt":"2025-05-19T23:16:15","slug":"dillyn-leyds-le-heros-sans-cape-qui-porte-la-rochelle","status":"publish","type":"post","link":"https:\/\/www.europesays.com\/fr\/112919\/","title":{"rendered":"Dillyn Leyds, le h\u00e9ros sans cape qui porte La Rochelle"},"content":{"rendered":"<p>\u00c0 vrai dire, cela fait plusieurs semaines que nous souhaitons le mettre en lumi\u00e8re. Sa nouvelle \u00ab\u00a0masterclass\u00a0\u00bb hier soir nous a pouss\u00e9 \u00e0 enfin rendre \u00e0 C\u00e9sar ce qui lui appartient et <strong>mettre en avant un joueur trop peu souvent encens\u00e9<\/strong>.  <\/p>\n<p>Il est de ces joueurs qui ne font pas de bruit, qui brillent en silence, pendant que d\u2019autres s\u2019accaparent la lumi\u00e8re. Dillyn Leyds, arriv\u00e9 en 2020 \u00e0 La Rochelle est de ceux-l\u00e0, un formidable rugbyman, <strong>s\u00fbrement l\u2019un des meilleurs ailiers\/arri\u00e8res de notre championnat,<\/strong> qui performe chaque week-end aux quatre coins de l\u2019Hexagone, sans conna\u00eetre donc le rayonnement qu\u2019il m\u00e9rite.<\/p>\n<p>Toujours r\u00e9gulier m\u00eame lorsque les Maritimes ont connu une terrible travers\u00e9e du d\u00e9sert au d\u00e9but de l\u2019ann\u00e9e 2025, <strong>le Sud-africain est devenu un cadre d\u2019un groupe<\/strong> avec qui il a d\u00e9croch\u00e9 deux Champions Cup. Et R\u00e9mi Tal\u00e8s ne s\u2019y trompait pas au soir du succ\u00e8s d\u00e9croch\u00e9 \u00e0 Bordeaux, qui a d\u00e9finitivement fait basculer les Rochelais dans une dynamique positive\u00a0: \u00ab\u00a0Dillyn, c\u2019est un peu un joueur \u00e0 part. Malgr\u00e9 notre p\u00e9riode d\u00e9licate, il a toujours \u00e9volu\u00e9 \u00e0 haut niveau et, si on en est l\u00e0 aujourd\u2019hui, c\u2019est gr\u00e2ce \u00e0 son exemplarit\u00e9 et son \u00e9tat d\u2019esprit. C\u2019est s\u00fbr que c\u2019est bien que ce soit lui qui fasse la passe entre les jambes, qui nous permet de d\u00e9bloquer la situation.\u00a0\u00bb<\/p>\n<p>Leyds impressionnant contre Montpellier<\/p>\n<p>Hier encore, lors de l\u2019impressionnant succ\u00e8s maritime contre Montpellier (47-18), <strong>il s\u2019est distingu\u00e9 sur chacune de ses initiatives<\/strong>. S\u2019il a \u00e9t\u00e9 \u00e0 la conclusion d\u2019une action, apr\u00e8s plusieurs dribbling d\u2019Antoine Hastoy, <strong>il aurait \u00e9galement pu y aller de son doubl\u00e9<\/strong> et inscrire un essai de 60 m\u00e8tres, sans une faute signal\u00e9e au d\u00e9part.<\/p>\n<p>Toujours dangereux balle en main, il se d\u00e9marque aussi par sa technique individuelle hors norme, <strong>comme cette chistera de plus de 20 m\u00e8tres<\/strong>. Avec son comp\u00e8re de l\u2019autre aile Jack Nowell, ils ont \u00e0 eux deux enflamm\u00e9s Deflandre, avec notamment quelques 180 m\u00e8tres parcourus, 4 franchissements ou 9 d\u00e9fenseurs battus. Bref, <strong>l\u2019ancien joyau des Stormers s\u2019est une nouvelle fois remarquer<\/strong>.<\/p>\n<p>Un cadre de La Rochelle<\/p>\n<p>Et c\u2019est d\u00e9sormais devenu une habitude. Souvent utilis\u00e9 \u00e0 l\u2019aile depuis son arriv\u00e9e en Charente-Maritime, le natif de Somerset West <strong>a \u00e9galement d\u00e9pann\u00e9 \u00e0 l\u2019arri\u00e8re ces derniers mois,<\/strong> lorsque Brice Dulin soignait des cervicales douloureuses. Preuve de son importance dans le syst\u00e8me O\u2019Gara, cette saison, le joueur de 32 ans a disput\u00e9 24 rencontres toutes comp\u00e9titions confondues, toutes dans la peau d\u2019un titulaire. Pour \u00eatre encore plus pr\u00e9cis, jugez par vous-m\u00eame. Depuis qu\u2019il a pos\u00e9 ses valises en France, Dillyn Leyds en est \u00e0 <strong>124 matchs avec la tunique jaune et noire pour 120 titularisations<\/strong>\u00a0! Des statistiques qui vous classent le bonhomme.<\/p>\n<p>Et <strong>Ronan O\u2019Gara, n\u2019a d\u2019ailleurs pas h\u00e9sit\u00e9 \u00e0 faire l\u2019\u00e9loge du funambule sud-africain<\/strong> il y a quelques semaines, dans des propos relay\u00e9s par Midi Olympique\u00a0: \u00ab Il me pla\u00eet beaucoup\u00a0! [\u2026] Son comportement n\u2019a jamais chang\u00e9, ni quoi que ce soit d\u2019autre, il est toujours constant. Notre relation est tr\u00e8s forte depuis le d\u00e9but et va le rester \u00e0 vie\u00a0\u00bb. Il faut dire qu\u2019en plus de ses qualit\u00e9s rugbystiques, l\u2019international sud-africain (10 s\u00e9lections) <strong>emm\u00e8ne avec lui une joie de vivre communicative<\/strong>. Cette saison, il a pris un r\u00f4le important de leader dans le groupe. Une l\u00e9gitimit\u00e9 assum\u00e9e, pour un joueur qui a port\u00e9 La Rochelle ces derniers temps.<\/p>\n<p>Une formation d\u2019ouvreur<\/p>\n<p>Malgr\u00e9 son gabarit fr\u00eale pour un tel niveau (1m83-89kg), le joueur se distingue par ses prises d\u2019intervalles, sa vitesse, ses appuis d\u00e9routants et <strong>son \u00e9l\u00e9gance balle en main<\/strong>. Loin de certains ailiers massifs, <strong>Leyds a r\u00e9invent\u00e9 un poste parfois trop st\u00e9r\u00e9otyp\u00e9<\/strong>. S\u2019il est un chasseur d\u2019essais hors pair, ne le cantonnez pas seulement \u00e0 un r\u00f4le de finisseur. Leyds aime s\u2019inviter dans la ligne d\u2019attaque et <strong>parfois prendre le jeu \u00e0 son compte<\/strong>. En gros, le Springbok poss\u00e8de un QI rugby sup\u00e9rieur \u00e0 la moyenne, et le d\u00e9montre chaque week-end.<\/p>\n<p>Il faut dire que ce dernier tient ces facilit\u00e9s de sa formation. Si cela vous a \u00e9chapp\u00e9, le joueur a peaufin\u00e9 son sens du jeu lors de ses ann\u00e9es lyc\u00e9es, <strong>o\u00f9 il fut form\u00e9 \u00e0 l\u2019ouverture<\/strong>. Ce qui explique s\u00fbrement cette vision du jeu, cette aisance technique et ce jeu au pied efficace (il bute). Pour sch\u00e9matiser, <strong>Dillyn Leyds sait tout faire et est peut-\u00eatre l\u2019ailier le plus complet du Top 14<\/strong>. Ajoutez \u00e0 cela quelques gestes de g\u00e9nies de temps en temps (sa chistera \u00e0 l\u2019aveugle avec les Stormers avait fait le tour du monde), un grain de folie et vous obtenez un merveilleux joueur de rugby, parfois fantasque et \u00f4 combien attachant.<\/p>\n<p>Et La Rochelle esp\u00e8re bien profiter du talent du Sud-africain pour le sprint final, afin de se qualifier et pourquoi pas, r\u00eaver d\u2019un Brennus qui semblait hypoth\u00e9tique il y a quelques semaines.<\/p>\n<p>Biberonn\u00e9 au rugby, tomb\u00e9 malade de ce sport lors de la Coupe du Monde 2003, alors que je savais \u00e0 peine marcher, je suis le seul sudiste ayant reni\u00e9 le Stade Toulousain pour l\u2019autre Stade\u2026 Fran\u00e7ais. Condamn\u00e9 \u00e0 souffrir avec mon club de c\u0153ur, j\u2019esp\u00e8re vous transmettre mon amour pour la balle ovale \u00e0 travers XV Ovalie !<\/p>\n","protected":false},"excerpt":{"rendered":"\u00c0 vrai dire, cela fait plusieurs semaines que nous souhaitons le mettre en lumi\u00e8re. Sa nouvelle \u00ab\u00a0masterclass\u00a0\u00bb hier&hellip;\n","protected":false},"author":2,"featured_media":112920,"comment_status":"","ping_status":"","sticky":false,"template":"","format":"standard","meta":{"footnotes":""},"categories":[1416],"tags":[23261,1011,27,2217,479,1468,60,478],"class_list":{"0":"post-112919","1":"post","2":"type-post","3":"status-publish","4":"format-standard","5":"has-post-thumbnail","7":"category-rugby","8":"tag-dillyn-leyds","9":"tag-fr","10":"tag-france","11":"tag-la-rochelle","12":"tag-rugby","13":"tag-rugby-football","14":"tag-sports","15":"tag-top-14"},"share_on_mastodon":{"url":"https:\/\/pubeurope.com\/@fr\/114537049804412147","error":""},"_links":{"self":[{"href":"https:\/\/www.europesays.com\/fr\/wp-json\/wp\/v2\/posts\/112919","targetHints":{"allow":["GET"]}}],"collection":[{"href":"https:\/\/www.europesays.com\/fr\/wp-json\/wp\/v2\/posts"}],"about":[{"href":"https:\/\/www.europesays.com\/fr\/wp-json\/wp\/v2\/types\/post"}],"author":[{"embeddable":true,"href":"https:\/\/www.europesays.com\/fr\/wp-json\/wp\/v2\/users\/2"}],"replies":[{"embeddable":true,"href":"https:\/\/www.europesays.com\/fr\/wp-json\/wp\/v2\/comments?post=112919"}],"version-history":[{"count":0,"href":"https:\/\/www.europesays.com\/fr\/wp-json\/wp\/v2\/posts\/112919\/revisions"}],"wp:featuredmedia":[{"embeddable":true,"href":"https:\/\/www.europesays.com\/fr\/wp-json\/wp\/v2\/media\/112920"}],"wp:attachment":[{"href":"https:\/\/www.europesays.com\/fr\/wp-json\/wp\/v2\/media?parent=112919"}],"wp:term":[{"taxonomy":"category","embeddable":true,"href":"https:\/\/www.europesays.com\/fr\/wp-json\/wp\/v2\/categories?post=112919"},{"taxonomy":"post_tag","embeddable":true,"href":"https:\/\/www.europesays.com\/fr\/wp-json\/wp\/v2\/tags?post=112919"}],"curies":[{"name":"wp","href":"https:\/\/api.w.org\/{rel}","templated":true}]}}